{"id":192,"date":"2015-03-29T03:55:43","date_gmt":"2015-03-29T01:55:43","guid":{"rendered":"http:\/\/www.airport-regional.de\/?p=192"},"modified":"2015-03-31T14:25:42","modified_gmt":"2015-03-31T12:25:42","slug":"flugplatz-strausberg-eday-planfeststellung-nfl-i-327-01-und-jar-ops1","status":"publish","type":"post","link":"https:\/\/www.airport-regional.de\/?p=192","title":{"rendered":"Flugplatz Strausberg\/ EDAY &#8211; Planfeststellung, NfL I-327\/ 01 und JAR-OPS1"},"content":{"rendered":"<p>Am 17.10.2005 wurde von der Flugplatz Strausberg GmbH (Bezeichnung 2005) als Vorhabenstr\u00e4gerin der Antrag auf Planfeststellung zum Ausbau des Flugplatzes beim zust\u00e4ndigen Landesamt f\u00fcr Bauen und Verkehr (seit 2006 Gemeinsame Luftfahrtbeh\u00f6rde der L\u00e4nder Berlin und Brandenburg) gestellt, welche daraufhin ein \u00c4nderungsplanfeststellungsverfahren nach \u00a7 8 LuftVG einleitete. Durch das Planfeststellungsverfahren (PFV) werden alle f\u00fcr die \u00c4nderung des VLP Strausberg erforderlichen Einzelgenehmigungen nach LuftVG, LuftVZO und nach UVPG beantragt. Gleichzeitig zur beantragten Planfeststellung wurde die notwendige Genehmigung zur \u00c4nderung der Anlage und des Betriebes nach \u00a7 6 LuftVG beantragt. Die bisherige Genehmigung nach \u00a7 6 LuftVG des VLP l\u00e4sst die Nutzung durch Flugzeuge bis 8 t MTOW nach Sichtflugregeln zu. Der Betrieb von Flugzeugen mit einem zul\u00e4ssigen Gesamtgewicht bis ca. 8 t, v.a. im gewerblichen Einsatz, kann nach den neuen Anforderungen der RL f\u00fcr die Anlage und den Betrieb von Flugpl\u00e4tzen im Sichtflugbetrieb nach NfL I-327\/ 01 und insbesondere auf Grund der neuen europ\u00e4ischen Sicherheitsanforderungen nach JAR-OPS 1 nur aufrechterhalten werden, wenn ein Ausbau der Betriebsfl\u00e4chen erfolgt. Das Hauptziel des PFV und damit der Ausbauplanungen ist damit die Verl\u00e4ngerung der Start- und Landebahn 05\/23 auf insgesamt 1.650 m. Dies soll durch die Verl\u00e4ngerung der bestehenden SLB um 300 m in nord\u00f6stlicher Richtung mit gleichzeitiger Verlegung der Schwelle 23 an das geplante neue Bahnende sowie durch eine Verl\u00e4ngerung um 150 m in s\u00fcdwestlicher Richtung erfolgen. Des weiteren sollen Rollwege sollen neu angelegt und alte Rollwege zur\u00fcckgebaut werden sowie eine Anpassung der SLB-Befeuerung erfolgen. Weiterhin sollen neue Rand-, Gleitwinkel- sowie Rollbahnrandfeuer installiert werden. F\u00fcr neue bauliche Anlagen von Luftfahrtzweckbauten wie Einstellhallen, Geb\u00e4ude f\u00fcr Produktion, Wartung und Instandhaltung sowie Geb\u00e4ude f\u00fcr sonstige luftfahrttechnische Betriebe sollen Baufelder (II-III) mit einer nutzbaren Gesamtfl\u00e4che von ca. 10 ha erschlossen werden. Durch die geplanten Erweiterungsma\u00dfnahmen wird sich die Flugplatzfl\u00e4che um ca. 4,3 ha vergr\u00f6\u00dfern und damit insgesamt ca. 147 ha umfassen. Die Ausbauma\u00dfnahmen im Zuge des PFV sollen durch eine 100 %-ige Eigenfinanzierung realisiert werden. Neben dem Antrag auf Planfeststellung zur Erweiterung der Betriebsfl\u00e4chen und des Flugbetriebs wurde gleichzeitig ein Antrag auf Genehmigung f\u00fcr den Instrumentenflugbetrieb (IFR) gestellt.<\/p>\n<p><a href=\"http:\/\/www.airport-regional.de\/wp-content\/uploads\/2015\/03\/1.jpg\"><img loading=\"lazy\" decoding=\"async\" class=\"alignleft size-medium wp-image-194\" src=\"http:\/\/www.airport-regional.de\/wp-content\/uploads\/2015\/03\/1-800x531.jpg\" alt=\"EDAY\" width=\"800\" height=\"531\" srcset=\"https:\/\/www.airport-regional.de\/wp-content\/uploads\/2015\/03\/1-800x531.jpg 800w, https:\/\/www.airport-regional.de\/wp-content\/uploads\/2015\/03\/1-1024x680.jpg 1024w, https:\/\/www.airport-regional.de\/wp-content\/uploads\/2015\/03\/1-624x414.jpg 624w\" sizes=\"auto, (max-width: 800px) 100vw, 800px\" \/><\/a>\u00a9 airport-regional.de 2015<\/p>\n<p>Die geplanten Flugbetriebsfl\u00e4chen der neuen SLB 05\/23 und der Gro\u00dfteil der neuen befestigten Rollbahnen sollen nach dem geplanten Ausbau die Ausma\u00dfe und Anforderungen nach neuem Flugplatzbetriebscode 2B erf\u00fcllen. Der beantragte Ausbau der Start- und Landebahn nach <span style=\"text-decoration: underline;\">Flugplatzbetriebscode 2B<\/span> errechnet sich nach der aktuell g\u00fcltigen <span style=\"text-decoration: underline;\">NfL I-327\/01<\/span>. Danach werden die erforderlichen Ausma\u00dfe der Start- und Landebahnen heute als Bezugsstartbahnl\u00e4nge ermittelt, wonach sich die erforderlichen Ausma\u00dfe nach der theoretischen Startstrecke eines Bemessungsflugzeuges ergeben. Das Bemessungsflugzeug (oder Auslegungsflugzeug) stellt als eine Vergleichsgr\u00f6\u00dfe &#8211; v. a. in Bezug auf Gr\u00f6\u00dfe und Gewicht &#8211; das ungef\u00e4hre H\u00f6chstma\u00df der k\u00fcnftig auf dem Flugplatz zu erwartenden Flugzeuge dar. Diese Festlegung f\u00fcr ein Auslegungsflugzeug war bislang nicht n\u00f6tig. Das Auslegungsflugzeug f\u00fcr das der Flugplatz genehmigt werden soll, muss somit die Anforderungen an den Landeplatz repr\u00e4sentieren und sollte mit seinem h\u00f6chstzul\u00e4ssigen Startgewicht (MTOW) der derzeit genehmigten Tonnage m\u00f6glichst nahe kommen. Die heute notwendigen Ma\u00dfe errechnen sich aus den notwendigen Startstrecken eines gew\u00e4hlten Bemessungsflugzeuges (festgesetzt in den jeweiligen Typenb\u00fcchern) mit der Kombination aus weiteren Zuschl\u00e4gen. Die bestehende SLB 05\/ 23 des Flugplatzes Strausberg ist derzeit f\u00fcr den Betrieb von Luftfahrzeugen bis 8 t MTOW zugelassen. Flugzeuge mit einem solchen Startgewicht geh\u00f6ren gem. Anlage 1 der LuftVZO der Gewichtsklasse C (5,7 bis 14 t) an. Der angestrebte Code 2B repr\u00e4sentiert ca. 80 % der in der Bundesrepublik zugelassenen Flugzeuge von 5,7 bis 8 t MTOW. Als m\u00f6gliches vergleichbares Bemessungsflugzeug zur Berechnung der k\u00fcnftigen SLB-L\u00e4nge sowie zur Festlegung des Flugplatzbetriebscodes wurde f\u00fcr das Ausbauvorhaben des Flugplatzes Strausberg die <i>Cessna 560 Citation Excel<\/i>, welche das am zweith\u00e4ufigsten zugelassene Flugzeug seiner Klasse in Deutschland ist, gew\u00e4hlt. Der strahlgetriebene Business-Jet mit bis zu 11 Fluggastsitzpl\u00e4tzen hat ein zul\u00e4ssiges Startgewicht von ca. 7,5 t. F\u00fcr die Berechnung der neuen Ausma\u00dfe der geplan\u00adten SLB nach Flugplatzbetriebscode 2B wurde zudem die propellergetriebene <i>Beechcraft 1900<\/i> zu Grunde gelegt, welche ebenfalls ein MTOW von 7,5 t besitzt und bis zu 19 Passagiere bef\u00f6rdern kann. Unter Ber\u00fccksichtigung der spezifischen Daten des strahlgetriebenen Bemessungsflugzeugs Cessna 560 ergibt sich f\u00fcr den <span style=\"text-decoration: underline;\">Flugplatz Strausberg nach NfL I-327\/01<\/span> eine theoretisch notwendige SLB-L\u00e4nge von mindestens <span style=\"text-decoration: underline;\">1.264 m<\/span>. Die spezifischen Parameter der propellergetriebenen Beechcraft 1900 ergeben eine theoretisch notwendige SLB-L\u00e4nge von mindestens <span style=\"text-decoration: underline;\">1.354 m<\/span>.<\/p>\n<p><a href=\"http:\/\/www.airport-regional.de\/wp-content\/uploads\/2015\/03\/2.jpg\"><img loading=\"lazy\" decoding=\"async\" class=\"alignleft size-medium wp-image-195\" src=\"http:\/\/www.airport-regional.de\/wp-content\/uploads\/2015\/03\/2-800x535.jpg\" alt=\"2\" width=\"800\" height=\"535\" srcset=\"https:\/\/www.airport-regional.de\/wp-content\/uploads\/2015\/03\/2-800x535.jpg 800w, https:\/\/www.airport-regional.de\/wp-content\/uploads\/2015\/03\/2-1024x685.jpg 1024w, https:\/\/www.airport-regional.de\/wp-content\/uploads\/2015\/03\/2-624x417.jpg 624w\" sizes=\"auto, (max-width: 800px) 100vw, 800px\" \/><\/a>\u00a9 airport-regional.de 2006<\/p>\n<p>Neben den Auswirkungen der nationalen RL NfL I-327\/ 01 \u00fcber die Anlage und den Betrieb von Flugpl\u00e4tzen f\u00fcr Flugzeuge im Sichtflugbetrieb haben die europ\u00e4ischen Bestimmungen \u00fcber die gewerbsm\u00e4\u00dfige Bef\u00f6rderung von Personen und Sachen nach JAR-OPS 1 gro\u00dfen Einfluss auf die Ausma\u00dfe der geplanten Ausbauplanungen am Flugplatz Strausberg, da diese Regelungen bzw. die darin enthaltenen Anforderungen weit \u00fcber die der NfL I-327\/ 01 hinausgehen.\u00a0Die Regelungen nach JAR-OPS 1 beinhalten die Forderung, dass Strahlflugzeuge \u2013 wie die als Bemessungsflugzeug gew\u00e4hlte Cessna 560 &#8211; bei Landungen auf trockener SLB in einer H\u00f6he von 50 f (15,24 m) \u00fcber der Pistenschwelle innerhalb von 60 % der verf\u00fcgbaren Landebahnstrecke zum Stillstand kommen k\u00f6nnen muss. Da die Cessna 560 unter Normalbedingungen<span style=\"font-size: xx-small;\">\u00a0<\/span>eine Landestrecke von 875 m ben\u00f6tig, folgt aus der genannten Anforderung, dass die SLB eine Mindestl\u00e4nge von <span style=\"text-decoration: underline;\">1.458 m<\/span> besitzen muss. Die Berechnungen auf Grund der Anforderungen nach NfL I-327\/ 01 f\u00fcr das selbe Flugzeug ergeben dagegen eine notwendig vorzuhaltende SLB-L\u00e4nge von (nur) <i>1.264 m<\/i>, so dass die geforderte verf\u00fcgbare L\u00e4nge der SLB demnach um fast 200 m \u00fcber den Anforderungen nach NfL liegt. Im Fall des f\u00fcr den VLP Strausberg verwendeten Bemessungsflugzeuges ist letztlich nach JAR-OPS 1 die bestehende SLB des Flugplatzes Strausberg mit 1.200 m zu kurz. Die Cessna 560 d\u00fcrfte hier <span style=\"text-decoration: underline;\">im gewerblichen Betrieb<\/span> nicht uneingeschr\u00e4nkt verkehren. Durch die Berechnungen wird deutlich, warum die neuen Anforderungen &#8211; insbesondere auf Grund JAR-OPS 1 &#8211; zu gr\u00f6\u00dferen Abmessungen der verf\u00fcgbaren Start- und Landebahn f\u00fchren m\u00fcssen. Die neuen Mindestanforderungen hinsichtlich der r\u00e4umlichen Ausdehnung der k\u00fcnftigen SLB 05\/ 23 werden nach den Ausbauma\u00dfnahmen zu einer Gesamtbahnl\u00e4nge von 1.650 m f\u00fchren.<\/p>\n<h4 class=\"western\"><\/h4>\n<div id=\"sdfootnote1\"><\/div>\n<div id=\"sdfootnote3\"><\/div>\n","protected":false},"excerpt":{"rendered":"<p>Am 17.10.2005 wurde von der Flugplatz Strausberg GmbH (Bezeichnung 2005) als Vorhabenstr\u00e4gerin der Antrag auf Planfeststellung zum Ausbau des Flugplatzes beim zust\u00e4ndigen Landesamt f\u00fcr Bauen und Verkehr (seit 2006 Gemeinsame Luftfahrtbeh\u00f6rde der L\u00e4nder Berlin und Brandenburg) gestellt, welche daraufhin ein \u00c4nderungsplanfeststellungsverfahren nach \u00a7 8 LuftVG einleitete. Durch das Planfeststellungsverfahren (PFV) werden alle f\u00fcr die \u00c4nderung [&hellip;]<\/p>\n","protected":false},"author":1,"featured_media":0,"comment_status":"closed","ping_status":"open","sticky":false,"template":"","format":"standard","meta":{"footnotes":""},"categories":[1,11,13,12],"tags":[63,54,64,59,60,61,62,55,38],"class_list":["post-192","post","type-post","status-publish","format-standard","hentry","category-allgemein","category-aviation-germany","category-berlin-brandenburg","category-general-aviation","tag-ausbau","tag-eday","tag-erweiterung","tag-jar-ops","tag-nfl","tag-pfv","tag-planfeststellung","tag-strausberg","tag-vlp"],"yoast_head":"<!-- This site is optimized with the Yoast SEO plugin v27.4 - https:\/\/yoast.com\/product\/yoast-seo-wordpress\/ -->\n<title>Flugplatz Strausberg\/ EDAY - Planfeststellung, NfL I-327\/ 01 und JAR-OPS1 - airport-regional.de<\/title>\n<meta name=\"robots\" content=\"index, follow, max-snippet:-1, max-image-preview:large, max-video-preview:-1\" \/>\n<link rel=\"canonical\" href=\"https:\/\/www.airport-regional.de\/?p=192\" \/>\n<meta property=\"og:locale\" content=\"de_DE\" \/>\n<meta property=\"og:type\" content=\"article\" \/>\n<meta property=\"og:title\" content=\"Flugplatz Strausberg\/ EDAY - Planfeststellung, NfL I-327\/ 01 und JAR-OPS1 - airport-regional.de\" \/>\n<meta property=\"og:description\" content=\"Am 17.10.2005 wurde von der Flugplatz Strausberg GmbH (Bezeichnung 2005) als Vorhabenstr\u00e4gerin der Antrag auf Planfeststellung zum Ausbau des Flugplatzes beim zust\u00e4ndigen Landesamt f\u00fcr Bauen und Verkehr (seit 2006 Gemeinsame Luftfahrtbeh\u00f6rde der L\u00e4nder Berlin und Brandenburg) gestellt, welche daraufhin ein \u00c4nderungsplanfeststellungsverfahren nach \u00a7 8 LuftVG einleitete. Durch das Planfeststellungsverfahren (PFV) werden alle f\u00fcr die \u00c4nderung [&hellip;]\" \/>\n<meta property=\"og:url\" content=\"https:\/\/www.airport-regional.de\/?p=192\" \/>\n<meta property=\"og:site_name\" content=\"airport-regional.de\" \/>\n<meta property=\"article:published_time\" content=\"2015-03-29T01:55:43+00:00\" \/>\n<meta property=\"article:modified_time\" content=\"2015-03-31T12:25:42+00:00\" \/>\n<meta property=\"og:image\" content=\"http:\/\/www.airport-regional.de\/wp-content\/uploads\/2015\/03\/1-800x531.jpg\" \/>\n<meta name=\"author\" content=\"ar_admin\" \/>\n<meta name=\"twitter:card\" content=\"summary_large_image\" \/>\n<meta name=\"twitter:label1\" content=\"Verfasst von\" \/>\n\t<meta name=\"twitter:data1\" content=\"ar_admin\" \/>\n\t<meta name=\"twitter:label2\" content=\"Gesch\u00e4tzte Lesezeit\" \/>\n\t<meta name=\"twitter:data2\" content=\"5\u00a0Minuten\" \/>\n<script type=\"application\/ld+json\" class=\"yoast-schema-graph\">{\"@context\":\"https:\\\/\\\/schema.org\",\"@graph\":[{\"@type\":\"Article\",\"@id\":\"https:\\\/\\\/www.airport-regional.de\\\/?p=192#article\",\"isPartOf\":{\"@id\":\"https:\\\/\\\/www.airport-regional.de\\\/?p=192\"},\"author\":{\"name\":\"ar_admin\",\"@id\":\"https:\\\/\\\/www.airport-regional.de\\\/#\\\/schema\\\/person\\\/dbf2123ca417f43f2c92a5e0812f6a6c\"},\"headline\":\"Flugplatz Strausberg\\\/ EDAY &#8211; Planfeststellung, NfL I-327\\\/ 01 und JAR-OPS1\",\"datePublished\":\"2015-03-29T01:55:43+00:00\",\"dateModified\":\"2015-03-31T12:25:42+00:00\",\"mainEntityOfPage\":{\"@id\":\"https:\\\/\\\/www.airport-regional.de\\\/?p=192\"},\"wordCount\":1011,\"publisher\":{\"@id\":\"https:\\\/\\\/www.airport-regional.de\\\/#\\\/schema\\\/person\\\/d093f3009d106ce1a84fcb9766add780\"},\"image\":{\"@id\":\"https:\\\/\\\/www.airport-regional.de\\\/?p=192#primaryimage\"},\"thumbnailUrl\":\"http:\\\/\\\/www.airport-regional.de\\\/wp-content\\\/uploads\\\/2015\\\/03\\\/1-800x531.jpg\",\"keywords\":[\"Ausbau\",\"EDAY\",\"Erweiterung\",\"JAR-OPS\",\"NfL\",\"PFV\",\"Planfeststellung\",\"Strausberg\",\"VLP\"],\"articleSection\":{\"1\":\"Aviation Germany\",\"2\":\"Berlin + Brandenburg\",\"3\":\"General Aviation\"},\"inLanguage\":\"de\"},{\"@type\":\"WebPage\",\"@id\":\"https:\\\/\\\/www.airport-regional.de\\\/?p=192\",\"url\":\"https:\\\/\\\/www.airport-regional.de\\\/?p=192\",\"name\":\"Flugplatz Strausberg\\\/ EDAY - Planfeststellung, NfL I-327\\\/ 01 und JAR-OPS1 - airport-regional.de\",\"isPartOf\":{\"@id\":\"https:\\\/\\\/www.airport-regional.de\\\/#website\"},\"primaryImageOfPage\":{\"@id\":\"https:\\\/\\\/www.airport-regional.de\\\/?p=192#primaryimage\"},\"image\":{\"@id\":\"https:\\\/\\\/www.airport-regional.de\\\/?p=192#primaryimage\"},\"thumbnailUrl\":\"http:\\\/\\\/www.airport-regional.de\\\/wp-content\\\/uploads\\\/2015\\\/03\\\/1-800x531.jpg\",\"datePublished\":\"2015-03-29T01:55:43+00:00\",\"dateModified\":\"2015-03-31T12:25:42+00:00\",\"breadcrumb\":{\"@id\":\"https:\\\/\\\/www.airport-regional.de\\\/?p=192#breadcrumb\"},\"inLanguage\":\"de\",\"potentialAction\":[{\"@type\":\"ReadAction\",\"target\":[\"https:\\\/\\\/www.airport-regional.de\\\/?p=192\"]}]},{\"@type\":\"ImageObject\",\"inLanguage\":\"de\",\"@id\":\"https:\\\/\\\/www.airport-regional.de\\\/?p=192#primaryimage\",\"url\":\"https:\\\/\\\/www.airport-regional.de\\\/wp-content\\\/uploads\\\/2015\\\/03\\\/1.jpg\",\"contentUrl\":\"https:\\\/\\\/www.airport-regional.de\\\/wp-content\\\/uploads\\\/2015\\\/03\\\/1.jpg\",\"width\":4288,\"height\":2848},{\"@type\":\"BreadcrumbList\",\"@id\":\"https:\\\/\\\/www.airport-regional.de\\\/?p=192#breadcrumb\",\"itemListElement\":[{\"@type\":\"ListItem\",\"position\":1,\"name\":\"Home\",\"item\":\"https:\\\/\\\/www.airport-regional.de\\\/\"},{\"@type\":\"ListItem\",\"position\":2,\"name\":\"Flugplatz Strausberg\\\/ EDAY &#8211; Planfeststellung, NfL I-327\\\/ 01 und JAR-OPS1\"}]},{\"@type\":\"WebSite\",\"@id\":\"https:\\\/\\\/www.airport-regional.de\\\/#website\",\"url\":\"https:\\\/\\\/www.airport-regional.de\\\/\",\"name\":\"airport-regional.de\",\"description\":\"Luftfahrt - Berlin - Brandenburg - Deutschland\",\"publisher\":{\"@id\":\"https:\\\/\\\/www.airport-regional.de\\\/#\\\/schema\\\/person\\\/d093f3009d106ce1a84fcb9766add780\"},\"potentialAction\":[{\"@type\":\"SearchAction\",\"target\":{\"@type\":\"EntryPoint\",\"urlTemplate\":\"https:\\\/\\\/www.airport-regional.de\\\/?s={search_term_string}\"},\"query-input\":{\"@type\":\"PropertyValueSpecification\",\"valueRequired\":true,\"valueName\":\"search_term_string\"}}],\"inLanguage\":\"de\"},{\"@type\":[\"Person\",\"Organization\"],\"@id\":\"https:\\\/\\\/www.airport-regional.de\\\/#\\\/schema\\\/person\\\/d093f3009d106ce1a84fcb9766add780\",\"name\":\"m m\",\"logo\":{\"@id\":\"https:\\\/\\\/www.airport-regional.de\\\/#\\\/schema\\\/person\\\/image\\\/\"},\"sameAs\":[\"http:\\\/\\\/m\"]},{\"@type\":\"Person\",\"@id\":\"https:\\\/\\\/www.airport-regional.de\\\/#\\\/schema\\\/person\\\/dbf2123ca417f43f2c92a5e0812f6a6c\",\"name\":\"ar_admin\"}]}<\/script>\n<!-- \/ Yoast SEO plugin. -->","yoast_head_json":{"title":"Flugplatz Strausberg\/ EDAY - Planfeststellung, NfL I-327\/ 01 und JAR-OPS1 - airport-regional.de","robots":{"index":"index","follow":"follow","max-snippet":"max-snippet:-1","max-image-preview":"max-image-preview:large","max-video-preview":"max-video-preview:-1"},"canonical":"https:\/\/www.airport-regional.de\/?p=192","og_locale":"de_DE","og_type":"article","og_title":"Flugplatz Strausberg\/ EDAY - Planfeststellung, NfL I-327\/ 01 und JAR-OPS1 - airport-regional.de","og_description":"Am 17.10.2005 wurde von der Flugplatz Strausberg GmbH (Bezeichnung 2005) als Vorhabenstr\u00e4gerin der Antrag auf Planfeststellung zum Ausbau des Flugplatzes beim zust\u00e4ndigen Landesamt f\u00fcr Bauen und Verkehr (seit 2006 Gemeinsame Luftfahrtbeh\u00f6rde der L\u00e4nder Berlin und Brandenburg) gestellt, welche daraufhin ein \u00c4nderungsplanfeststellungsverfahren nach \u00a7 8 LuftVG einleitete. Durch das Planfeststellungsverfahren (PFV) werden alle f\u00fcr die \u00c4nderung [&hellip;]","og_url":"https:\/\/www.airport-regional.de\/?p=192","og_site_name":"airport-regional.de","article_published_time":"2015-03-29T01:55:43+00:00","article_modified_time":"2015-03-31T12:25:42+00:00","og_image":[{"url":"http:\/\/www.airport-regional.de\/wp-content\/uploads\/2015\/03\/1-800x531.jpg","type":"","width":"","height":""}],"author":"ar_admin","twitter_card":"summary_large_image","twitter_misc":{"Verfasst von":"ar_admin","Gesch\u00e4tzte Lesezeit":"5\u00a0Minuten"},"schema":{"@context":"https:\/\/schema.org","@graph":[{"@type":"Article","@id":"https:\/\/www.airport-regional.de\/?p=192#article","isPartOf":{"@id":"https:\/\/www.airport-regional.de\/?p=192"},"author":{"name":"ar_admin","@id":"https:\/\/www.airport-regional.de\/#\/schema\/person\/dbf2123ca417f43f2c92a5e0812f6a6c"},"headline":"Flugplatz Strausberg\/ EDAY &#8211; Planfeststellung, NfL I-327\/ 01 und JAR-OPS1","datePublished":"2015-03-29T01:55:43+00:00","dateModified":"2015-03-31T12:25:42+00:00","mainEntityOfPage":{"@id":"https:\/\/www.airport-regional.de\/?p=192"},"wordCount":1011,"publisher":{"@id":"https:\/\/www.airport-regional.de\/#\/schema\/person\/d093f3009d106ce1a84fcb9766add780"},"image":{"@id":"https:\/\/www.airport-regional.de\/?p=192#primaryimage"},"thumbnailUrl":"http:\/\/www.airport-regional.de\/wp-content\/uploads\/2015\/03\/1-800x531.jpg","keywords":["Ausbau","EDAY","Erweiterung","JAR-OPS","NfL","PFV","Planfeststellung","Strausberg","VLP"],"articleSection":{"1":"Aviation Germany","2":"Berlin + Brandenburg","3":"General Aviation"},"inLanguage":"de"},{"@type":"WebPage","@id":"https:\/\/www.airport-regional.de\/?p=192","url":"https:\/\/www.airport-regional.de\/?p=192","name":"Flugplatz Strausberg\/ EDAY - Planfeststellung, NfL I-327\/ 01 und JAR-OPS1 - airport-regional.de","isPartOf":{"@id":"https:\/\/www.airport-regional.de\/#website"},"primaryImageOfPage":{"@id":"https:\/\/www.airport-regional.de\/?p=192#primaryimage"},"image":{"@id":"https:\/\/www.airport-regional.de\/?p=192#primaryimage"},"thumbnailUrl":"http:\/\/www.airport-regional.de\/wp-content\/uploads\/2015\/03\/1-800x531.jpg","datePublished":"2015-03-29T01:55:43+00:00","dateModified":"2015-03-31T12:25:42+00:00","breadcrumb":{"@id":"https:\/\/www.airport-regional.de\/?p=192#breadcrumb"},"inLanguage":"de","potentialAction":[{"@type":"ReadAction","target":["https:\/\/www.airport-regional.de\/?p=192"]}]},{"@type":"ImageObject","inLanguage":"de","@id":"https:\/\/www.airport-regional.de\/?p=192#primaryimage","url":"https:\/\/www.airport-regional.de\/wp-content\/uploads\/2015\/03\/1.jpg","contentUrl":"https:\/\/www.airport-regional.de\/wp-content\/uploads\/2015\/03\/1.jpg","width":4288,"height":2848},{"@type":"BreadcrumbList","@id":"https:\/\/www.airport-regional.de\/?p=192#breadcrumb","itemListElement":[{"@type":"ListItem","position":1,"name":"Home","item":"https:\/\/www.airport-regional.de\/"},{"@type":"ListItem","position":2,"name":"Flugplatz Strausberg\/ EDAY &#8211; Planfeststellung, NfL I-327\/ 01 und JAR-OPS1"}]},{"@type":"WebSite","@id":"https:\/\/www.airport-regional.de\/#website","url":"https:\/\/www.airport-regional.de\/","name":"airport-regional.de","description":"Luftfahrt - Berlin - Brandenburg - Deutschland","publisher":{"@id":"https:\/\/www.airport-regional.de\/#\/schema\/person\/d093f3009d106ce1a84fcb9766add780"},"potentialAction":[{"@type":"SearchAction","target":{"@type":"EntryPoint","urlTemplate":"https:\/\/www.airport-regional.de\/?s={search_term_string}"},"query-input":{"@type":"PropertyValueSpecification","valueRequired":true,"valueName":"search_term_string"}}],"inLanguage":"de"},{"@type":["Person","Organization"],"@id":"https:\/\/www.airport-regional.de\/#\/schema\/person\/d093f3009d106ce1a84fcb9766add780","name":"m m","logo":{"@id":"https:\/\/www.airport-regional.de\/#\/schema\/person\/image\/"},"sameAs":["http:\/\/m"]},{"@type":"Person","@id":"https:\/\/www.airport-regional.de\/#\/schema\/person\/dbf2123ca417f43f2c92a5e0812f6a6c","name":"ar_admin"}]}},"_links":{"self":[{"href":"https:\/\/www.airport-regional.de\/index.php?rest_route=\/wp\/v2\/posts\/192","targetHints":{"allow":["GET"]}}],"collection":[{"href":"https:\/\/www.airport-regional.de\/index.php?rest_route=\/wp\/v2\/posts"}],"about":[{"href":"https:\/\/www.airport-regional.de\/index.php?rest_route=\/wp\/v2\/types\/post"}],"author":[{"embeddable":true,"href":"https:\/\/www.airport-regional.de\/index.php?rest_route=\/wp\/v2\/users\/1"}],"replies":[{"embeddable":true,"href":"https:\/\/www.airport-regional.de\/index.php?rest_route=%2Fwp%2Fv2%2Fcomments&post=192"}],"version-history":[{"count":9,"href":"https:\/\/www.airport-regional.de\/index.php?rest_route=\/wp\/v2\/posts\/192\/revisions"}],"predecessor-version":[{"id":203,"href":"https:\/\/www.airport-regional.de\/index.php?rest_route=\/wp\/v2\/posts\/192\/revisions\/203"}],"wp:attachment":[{"href":"https:\/\/www.airport-regional.de\/index.php?rest_route=%2Fwp%2Fv2%2Fmedia&parent=192"}],"wp:term":[{"taxonomy":"category","embeddable":true,"href":"https:\/\/www.airport-regional.de\/index.php?rest_route=%2Fwp%2Fv2%2Fcategories&post=192"},{"taxonomy":"post_tag","embeddable":true,"href":"https:\/\/www.airport-regional.de\/index.php?rest_route=%2Fwp%2Fv2%2Ftags&post=192"}],"curies":[{"name":"wp","href":"https:\/\/api.w.org\/{rel}","templated":true}]}}