{"id":400,"date":"2020-04-24T12:40:00","date_gmt":"2020-04-24T10:40:00","guid":{"rendered":"https:\/\/www.airport-regional.de\/?p=400"},"modified":"2020-04-22T23:47:49","modified_gmt":"2020-04-22T21:47:49","slug":"ber-tuev-hat-fertig","status":"publish","type":"post","link":"https:\/\/www.airport-regional.de\/?p=400","title":{"rendered":"BER &#8211; T\u00dcV hat fertig"},"content":{"rendered":"\n<figure class=\"wp-block-image size-large\"><img loading=\"lazy\" decoding=\"async\" width=\"1024\" height=\"696\" src=\"https:\/\/www.airport-regional.de\/wp-content\/uploads\/2020\/04\/PHOTO-2020-04-02-08-21-43-1024x696.jpg\" alt=\"\" class=\"wp-image-401\" srcset=\"https:\/\/www.airport-regional.de\/wp-content\/uploads\/2020\/04\/PHOTO-2020-04-02-08-21-43-1024x696.jpg 1024w, https:\/\/www.airport-regional.de\/wp-content\/uploads\/2020\/04\/PHOTO-2020-04-02-08-21-43-800x544.jpg 800w, https:\/\/www.airport-regional.de\/wp-content\/uploads\/2020\/04\/PHOTO-2020-04-02-08-21-43-768x522.jpg 768w, https:\/\/www.airport-regional.de\/wp-content\/uploads\/2020\/04\/PHOTO-2020-04-02-08-21-43-624x424.jpg 624w, https:\/\/www.airport-regional.de\/wp-content\/uploads\/2020\/04\/PHOTO-2020-04-02-08-21-43.jpg 1033w\" sizes=\"auto, (max-width: 1024px) 100vw, 1024px\" \/><figcaption><em>\u00a9 airport-regional.de\/ Gaida 2020<\/em><\/figcaption><\/figure>\n\n\n\n<p>Randnotiz BER, der T\u00dcV ist durch und hat alle Pr\u00fcfungen der Sicherheitsanlagen des k\u00fcnftigen Hauptstadtflughafens abgeschlossen. Nach 14 Jahren Bauzeit wird der Zieltermin 31. Oktober 2020 als Er\u00f6ffnungsdatum des BER wahrscheinlicher.  <\/p>\n","protected":false},"excerpt":{"rendered":"<p>Randnotiz BER, der T\u00dcV ist durch und hat alle Pr\u00fcfungen der Sicherheitsanlagen des k\u00fcnftigen Hauptstadtflughafens abgeschlossen. Nach 14 Jahren Bauzeit wird der Zieltermin 31. Oktober 2020 als Er\u00f6ffnungsdatum des BER wahrscheinlicher.<\/p>\n","protected":false},"author":1,"featured_media":0,"comment_status":"closed","ping_status":"open","sticky":false,"template":"","format":"standard","meta":{"footnotes":""},"categories":[1,11,10,22,13],"tags":[79,43,16],"class_list":["post-400","post","type-post","status-publish","format-standard","hentry","category-allgemein","category-aviation-germany","category-aviation-international","category-ber","category-berlin-brandenburg","tag-ber","tag-flughafen-berlin-brandenbur","tag-schoenefeld"],"yoast_head":"<!-- This site is optimized with the Yoast SEO plugin v27.4 - https:\/\/yoast.com\/product\/yoast-seo-wordpress\/ -->\n<title>BER - T\u00dcV hat fertig - airport-regional.de<\/title>\n<meta name=\"robots\" content=\"index, follow, max-snippet:-1, max-image-preview:large, max-video-preview:-1\" \/>\n<link rel=\"canonical\" href=\"https:\/\/www.airport-regional.de\/?p=400\" \/>\n<meta property=\"og:locale\" content=\"de_DE\" \/>\n<meta property=\"og:type\" content=\"article\" \/>\n<meta property=\"og:title\" content=\"BER - T\u00dcV hat fertig - airport-regional.de\" \/>\n<meta property=\"og:description\" content=\"Randnotiz BER, der T\u00dcV ist durch und hat alle Pr\u00fcfungen der Sicherheitsanlagen des k\u00fcnftigen Hauptstadtflughafens abgeschlossen. Nach 14 Jahren Bauzeit wird der Zieltermin 31. Oktober 2020 als Er\u00f6ffnungsdatum des BER wahrscheinlicher.\" \/>\n<meta property=\"og:url\" content=\"https:\/\/www.airport-regional.de\/?p=400\" \/>\n<meta property=\"og:site_name\" content=\"airport-regional.de\" \/>\n<meta property=\"article:published_time\" content=\"2020-04-24T10:40:00+00:00\" \/>\n<meta property=\"og:image\" content=\"https:\/\/www.airport-regional.de\/wp-content\/uploads\/2020\/04\/PHOTO-2020-04-02-08-21-43-1024x696.jpg\" \/>\n<meta name=\"author\" content=\"ar_admin\" \/>\n<meta name=\"twitter:card\" content=\"summary_large_image\" \/>\n<meta name=\"twitter:label1\" content=\"Verfasst von\" \/>\n\t<meta name=\"twitter:data1\" content=\"ar_admin\" \/>\n<script type=\"application\/ld+json\" class=\"yoast-schema-graph\">{\"@context\":\"https:\\\/\\\/schema.org\",\"@graph\":[{\"@type\":\"Article\",\"@id\":\"https:\\\/\\\/www.airport-regional.de\\\/?p=400#article\",\"isPartOf\":{\"@id\":\"https:\\\/\\\/www.airport-regional.de\\\/?p=400\"},\"author\":{\"name\":\"ar_admin\",\"@id\":\"https:\\\/\\\/www.airport-regional.de\\\/#\\\/schema\\\/person\\\/dbf2123ca417f43f2c92a5e0812f6a6c\"},\"headline\":\"BER &#8211; T\u00dcV hat fertig\",\"datePublished\":\"2020-04-24T10:40:00+00:00\",\"mainEntityOfPage\":{\"@id\":\"https:\\\/\\\/www.airport-regional.de\\\/?p=400\"},\"wordCount\":41,\"publisher\":{\"@id\":\"https:\\\/\\\/www.airport-regional.de\\\/#\\\/schema\\\/person\\\/d093f3009d106ce1a84fcb9766add780\"},\"image\":{\"@id\":\"https:\\\/\\\/www.airport-regional.de\\\/?p=400#primaryimage\"},\"thumbnailUrl\":\"https:\\\/\\\/www.airport-regional.de\\\/wp-content\\\/uploads\\\/2020\\\/04\\\/PHOTO-2020-04-02-08-21-43-1024x696.jpg\",\"keywords\":[\"BER\",\"Flughafen Berlin-Brandenbur\",\"Sch\u00f6nefeld\"],\"articleSection\":{\"1\":\"Aviation Germany\",\"2\":\"Aviation International\",\"3\":\"BER\",\"4\":\"Berlin + Brandenburg\"},\"inLanguage\":\"de\"},{\"@type\":\"WebPage\",\"@id\":\"https:\\\/\\\/www.airport-regional.de\\\/?p=400\",\"url\":\"https:\\\/\\\/www.airport-regional.de\\\/?p=400\",\"name\":\"BER - T\u00dcV hat fertig - airport-regional.de\",\"isPartOf\":{\"@id\":\"https:\\\/\\\/www.airport-regional.de\\\/#website\"},\"primaryImageOfPage\":{\"@id\":\"https:\\\/\\\/www.airport-regional.de\\\/?p=400#primaryimage\"},\"image\":{\"@id\":\"https:\\\/\\\/www.airport-regional.de\\\/?p=400#primaryimage\"},\"thumbnailUrl\":\"https:\\\/\\\/www.airport-regional.de\\\/wp-content\\\/uploads\\\/2020\\\/04\\\/PHOTO-2020-04-02-08-21-43-1024x696.jpg\",\"datePublished\":\"2020-04-24T10:40:00+00:00\",\"breadcrumb\":{\"@id\":\"https:\\\/\\\/www.airport-regional.de\\\/?p=400#breadcrumb\"},\"inLanguage\":\"de\",\"potentialAction\":[{\"@type\":\"ReadAction\",\"target\":[\"https:\\\/\\\/www.airport-regional.de\\\/?p=400\"]}]},{\"@type\":\"ImageObject\",\"inLanguage\":\"de\",\"@id\":\"https:\\\/\\\/www.airport-regional.de\\\/?p=400#primaryimage\",\"url\":\"https:\\\/\\\/www.airport-regional.de\\\/wp-content\\\/uploads\\\/2020\\\/04\\\/PHOTO-2020-04-02-08-21-43.jpg\",\"contentUrl\":\"https:\\\/\\\/www.airport-regional.de\\\/wp-content\\\/uploads\\\/2020\\\/04\\\/PHOTO-2020-04-02-08-21-43.jpg\",\"width\":1033,\"height\":702},{\"@type\":\"BreadcrumbList\",\"@id\":\"https:\\\/\\\/www.airport-regional.de\\\/?p=400#breadcrumb\",\"itemListElement\":[{\"@type\":\"ListItem\",\"position\":1,\"name\":\"Home\",\"item\":\"https:\\\/\\\/www.airport-regional.de\\\/\"},{\"@type\":\"ListItem\",\"position\":2,\"name\":\"BER &#8211; T\u00dcV hat fertig\"}]},{\"@type\":\"WebSite\",\"@id\":\"https:\\\/\\\/www.airport-regional.de\\\/#website\",\"url\":\"https:\\\/\\\/www.airport-regional.de\\\/\",\"name\":\"airport-regional.de\",\"description\":\"Luftfahrt - Berlin - Brandenburg - Deutschland\",\"publisher\":{\"@id\":\"https:\\\/\\\/www.airport-regional.de\\\/#\\\/schema\\\/person\\\/d093f3009d106ce1a84fcb9766add780\"},\"potentialAction\":[{\"@type\":\"SearchAction\",\"target\":{\"@type\":\"EntryPoint\",\"urlTemplate\":\"https:\\\/\\\/www.airport-regional.de\\\/?s={search_term_string}\"},\"query-input\":{\"@type\":\"PropertyValueSpecification\",\"valueRequired\":true,\"valueName\":\"search_term_string\"}}],\"inLanguage\":\"de\"},{\"@type\":[\"Person\",\"Organization\"],\"@id\":\"https:\\\/\\\/www.airport-regional.de\\\/#\\\/schema\\\/person\\\/d093f3009d106ce1a84fcb9766add780\",\"name\":\"m m\",\"logo\":{\"@id\":\"https:\\\/\\\/www.airport-regional.de\\\/#\\\/schema\\\/person\\\/image\\\/\"},\"sameAs\":[\"http:\\\/\\\/m\"]},{\"@type\":\"Person\",\"@id\":\"https:\\\/\\\/www.airport-regional.de\\\/#\\\/schema\\\/person\\\/dbf2123ca417f43f2c92a5e0812f6a6c\",\"name\":\"ar_admin\"}]}<\/script>\n<!-- \/ Yoast SEO plugin. -->","yoast_head_json":{"title":"BER - T\u00dcV hat fertig - airport-regional.de","robots":{"index":"index","follow":"follow","max-snippet":"max-snippet:-1","max-image-preview":"max-image-preview:large","max-video-preview":"max-video-preview:-1"},"canonical":"https:\/\/www.airport-regional.de\/?p=400","og_locale":"de_DE","og_type":"article","og_title":"BER - T\u00dcV hat fertig - airport-regional.de","og_description":"Randnotiz BER, der T\u00dcV ist durch und hat alle Pr\u00fcfungen der Sicherheitsanlagen des k\u00fcnftigen Hauptstadtflughafens abgeschlossen. Nach 14 Jahren Bauzeit wird der Zieltermin 31. Oktober 2020 als Er\u00f6ffnungsdatum des BER wahrscheinlicher.","og_url":"https:\/\/www.airport-regional.de\/?p=400","og_site_name":"airport-regional.de","article_published_time":"2020-04-24T10:40:00+00:00","og_image":[{"url":"https:\/\/www.airport-regional.de\/wp-content\/uploads\/2020\/04\/PHOTO-2020-04-02-08-21-43-1024x696.jpg","type":"","width":"","height":""}],"author":"ar_admin","twitter_card":"summary_large_image","twitter_misc":{"Verfasst von":"ar_admin"},"schema":{"@context":"https:\/\/schema.org","@graph":[{"@type":"Article","@id":"https:\/\/www.airport-regional.de\/?p=400#article","isPartOf":{"@id":"https:\/\/www.airport-regional.de\/?p=400"},"author":{"name":"ar_admin","@id":"https:\/\/www.airport-regional.de\/#\/schema\/person\/dbf2123ca417f43f2c92a5e0812f6a6c"},"headline":"BER &#8211; T\u00dcV hat fertig","datePublished":"2020-04-24T10:40:00+00:00","mainEntityOfPage":{"@id":"https:\/\/www.airport-regional.de\/?p=400"},"wordCount":41,"publisher":{"@id":"https:\/\/www.airport-regional.de\/#\/schema\/person\/d093f3009d106ce1a84fcb9766add780"},"image":{"@id":"https:\/\/www.airport-regional.de\/?p=400#primaryimage"},"thumbnailUrl":"https:\/\/www.airport-regional.de\/wp-content\/uploads\/2020\/04\/PHOTO-2020-04-02-08-21-43-1024x696.jpg","keywords":["BER","Flughafen Berlin-Brandenbur","Sch\u00f6nefeld"],"articleSection":{"1":"Aviation Germany","2":"Aviation International","3":"BER","4":"Berlin + Brandenburg"},"inLanguage":"de"},{"@type":"WebPage","@id":"https:\/\/www.airport-regional.de\/?p=400","url":"https:\/\/www.airport-regional.de\/?p=400","name":"BER - T\u00dcV hat fertig - airport-regional.de","isPartOf":{"@id":"https:\/\/www.airport-regional.de\/#website"},"primaryImageOfPage":{"@id":"https:\/\/www.airport-regional.de\/?p=400#primaryimage"},"image":{"@id":"https:\/\/www.airport-regional.de\/?p=400#primaryimage"},"thumbnailUrl":"https:\/\/www.airport-regional.de\/wp-content\/uploads\/2020\/04\/PHOTO-2020-04-02-08-21-43-1024x696.jpg","datePublished":"2020-04-24T10:40:00+00:00","breadcrumb":{"@id":"https:\/\/www.airport-regional.de\/?p=400#breadcrumb"},"inLanguage":"de","potentialAction":[{"@type":"ReadAction","target":["https:\/\/www.airport-regional.de\/?p=400"]}]},{"@type":"ImageObject","inLanguage":"de","@id":"https:\/\/www.airport-regional.de\/?p=400#primaryimage","url":"https:\/\/www.airport-regional.de\/wp-content\/uploads\/2020\/04\/PHOTO-2020-04-02-08-21-43.jpg","contentUrl":"https:\/\/www.airport-regional.de\/wp-content\/uploads\/2020\/04\/PHOTO-2020-04-02-08-21-43.jpg","width":1033,"height":702},{"@type":"BreadcrumbList","@id":"https:\/\/www.airport-regional.de\/?p=400#breadcrumb","itemListElement":[{"@type":"ListItem","position":1,"name":"Home","item":"https:\/\/www.airport-regional.de\/"},{"@type":"ListItem","position":2,"name":"BER &#8211; T\u00dcV hat fertig"}]},{"@type":"WebSite","@id":"https:\/\/www.airport-regional.de\/#website","url":"https:\/\/www.airport-regional.de\/","name":"airport-regional.de","description":"Luftfahrt - Berlin - Brandenburg - Deutschland","publisher":{"@id":"https:\/\/www.airport-regional.de\/#\/schema\/person\/d093f3009d106ce1a84fcb9766add780"},"potentialAction":[{"@type":"SearchAction","target":{"@type":"EntryPoint","urlTemplate":"https:\/\/www.airport-regional.de\/?s={search_term_string}"},"query-input":{"@type":"PropertyValueSpecification","valueRequired":true,"valueName":"search_term_string"}}],"inLanguage":"de"},{"@type":["Person","Organization"],"@id":"https:\/\/www.airport-regional.de\/#\/schema\/person\/d093f3009d106ce1a84fcb9766add780","name":"m m","logo":{"@id":"https:\/\/www.airport-regional.de\/#\/schema\/person\/image\/"},"sameAs":["http:\/\/m"]},{"@type":"Person","@id":"https:\/\/www.airport-regional.de\/#\/schema\/person\/dbf2123ca417f43f2c92a5e0812f6a6c","name":"ar_admin"}]}},"_links":{"self":[{"href":"https:\/\/www.airport-regional.de\/index.php?rest_route=\/wp\/v2\/posts\/400","targetHints":{"allow":["GET"]}}],"collection":[{"href":"https:\/\/www.airport-regional.de\/index.php?rest_route=\/wp\/v2\/posts"}],"about":[{"href":"https:\/\/www.airport-regional.de\/index.php?rest_route=\/wp\/v2\/types\/post"}],"author":[{"embeddable":true,"href":"https:\/\/www.airport-regional.de\/index.php?rest_route=\/wp\/v2\/users\/1"}],"replies":[{"embeddable":true,"href":"https:\/\/www.airport-regional.de\/index.php?rest_route=%2Fwp%2Fv2%2Fcomments&post=400"}],"version-history":[{"count":2,"href":"https:\/\/www.airport-regional.de\/index.php?rest_route=\/wp\/v2\/posts\/400\/revisions"}],"predecessor-version":[{"id":403,"href":"https:\/\/www.airport-regional.de\/index.php?rest_route=\/wp\/v2\/posts\/400\/revisions\/403"}],"wp:attachment":[{"href":"https:\/\/www.airport-regional.de\/index.php?rest_route=%2Fwp%2Fv2%2Fmedia&parent=400"}],"wp:term":[{"taxonomy":"category","embeddable":true,"href":"https:\/\/www.airport-regional.de\/index.php?rest_route=%2Fwp%2Fv2%2Fcategories&post=400"},{"taxonomy":"post_tag","embeddable":true,"href":"https:\/\/www.airport-regional.de\/index.php?rest_route=%2Fwp%2Fv2%2Ftags&post=400"}],"curies":[{"name":"wp","href":"https:\/\/api.w.org\/{rel}","templated":true}]}}