{"id":404,"date":"2020-04-30T11:30:00","date_gmt":"2020-04-30T09:30:00","guid":{"rendered":"https:\/\/www.airport-regional.de\/?p=404"},"modified":"2020-04-30T08:04:58","modified_gmt":"2020-04-30T06:04:58","slug":"ber-baubehoerde-erteilt-nutzungsfreigabe","status":"publish","type":"post","link":"https:\/\/www.airport-regional.de\/?p=404","title":{"rendered":"BER &#8211; Baubeh\u00f6rde erteilt Nutzungsfreigabe"},"content":{"rendered":"\n<figure class=\"wp-block-image size-large\"><img loading=\"lazy\" decoding=\"async\" width=\"1024\" height=\"683\" src=\"https:\/\/www.airport-regional.de\/wp-content\/uploads\/2020\/04\/MOE_9649-1-1024x683.jpg\" alt=\"\" class=\"wp-image-405\" srcset=\"https:\/\/www.airport-regional.de\/wp-content\/uploads\/2020\/04\/MOE_9649-1-1024x683.jpg 1024w, https:\/\/www.airport-regional.de\/wp-content\/uploads\/2020\/04\/MOE_9649-1-800x534.jpg 800w, https:\/\/www.airport-regional.de\/wp-content\/uploads\/2020\/04\/MOE_9649-1-768x513.jpg 768w, https:\/\/www.airport-regional.de\/wp-content\/uploads\/2020\/04\/MOE_9649-1-1536x1025.jpg 1536w, https:\/\/www.airport-regional.de\/wp-content\/uploads\/2020\/04\/MOE_9649-1-2048x1367.jpg 2048w, https:\/\/www.airport-regional.de\/wp-content\/uploads\/2020\/04\/MOE_9649-1-624x416.jpg 624w\" sizes=\"auto, (max-width: 1024px) 100vw, 1024px\" \/><figcaption><em>\u00a9 airport-regional.de\/ M\u00f6ller 2020<\/em><\/figcaption><\/figure>\n\n\n\n<p>Das zust\u00e4ndige Bauamt des Landkreises Dahme-Spreewald hat am Dienstag, 28.04.2020, die Nachweise der Betriebssicherheit abgesegnet und die baurechtliche Freigabe f\u00fcr das Hauptgeb\u00e4ude (Terminal 1) des BER erteilt. Au\u00dfer Frage ein historisches Datum, steht dem geplanten Er\u00f6ffnungstermin am 31. Oktober 2020 &#8211; nach nunmehr 9-j\u00e4hriger Verz\u00f6gerung &#8211; zumindest bauordnungsrechtlich nichts mehr im Wege. Zuvor gab es im Terminal \u00fcber Jahre massive technisch-bauliche M\u00e4ngel bei den Brandschutzanlagen. <\/p>\n","protected":false},"excerpt":{"rendered":"<p>Das zust\u00e4ndige Bauamt des Landkreises Dahme-Spreewald hat am Dienstag, 28.04.2020, die Nachweise der Betriebssicherheit abgesegnet und die baurechtliche Freigabe f\u00fcr das Hauptgeb\u00e4ude (Terminal 1) des BER erteilt. Au\u00dfer Frage ein historisches Datum, steht dem geplanten Er\u00f6ffnungstermin am 31. Oktober 2020 &#8211; nach nunmehr 9-j\u00e4hriger Verz\u00f6gerung &#8211; zumindest bauordnungsrechtlich nichts mehr im Wege. Zuvor gab es [&hellip;]<\/p>\n","protected":false},"author":1,"featured_media":0,"comment_status":"closed","ping_status":"open","sticky":false,"template":"","format":"standard","meta":{"footnotes":""},"categories":[1,11,10,22],"tags":[],"class_list":["post-404","post","type-post","status-publish","format-standard","hentry","category-allgemein","category-aviation-germany","category-aviation-international","category-ber"],"yoast_head":"<!-- This site is optimized with the Yoast SEO plugin v27.4 - https:\/\/yoast.com\/product\/yoast-seo-wordpress\/ -->\n<title>BER - Baubeh\u00f6rde erteilt Nutzungsfreigabe - airport-regional.de<\/title>\n<meta name=\"robots\" content=\"index, follow, max-snippet:-1, max-image-preview:large, max-video-preview:-1\" \/>\n<link rel=\"canonical\" href=\"https:\/\/www.airport-regional.de\/?p=404\" \/>\n<meta property=\"og:locale\" content=\"de_DE\" \/>\n<meta property=\"og:type\" content=\"article\" \/>\n<meta property=\"og:title\" content=\"BER - Baubeh\u00f6rde erteilt Nutzungsfreigabe - airport-regional.de\" \/>\n<meta property=\"og:description\" content=\"Das zust\u00e4ndige Bauamt des Landkreises Dahme-Spreewald hat am Dienstag, 28.04.2020, die Nachweise der Betriebssicherheit abgesegnet und die baurechtliche Freigabe f\u00fcr das Hauptgeb\u00e4ude (Terminal 1) des BER erteilt. Au\u00dfer Frage ein historisches Datum, steht dem geplanten Er\u00f6ffnungstermin am 31. Oktober 2020 &#8211; nach nunmehr 9-j\u00e4hriger Verz\u00f6gerung &#8211; zumindest bauordnungsrechtlich nichts mehr im Wege. Zuvor gab es [&hellip;]\" \/>\n<meta property=\"og:url\" content=\"https:\/\/www.airport-regional.de\/?p=404\" \/>\n<meta property=\"og:site_name\" content=\"airport-regional.de\" \/>\n<meta property=\"article:published_time\" content=\"2020-04-30T09:30:00+00:00\" \/>\n<meta property=\"og:image\" content=\"https:\/\/www.airport-regional.de\/wp-content\/uploads\/2020\/04\/MOE_9649-1-1024x683.jpg\" \/>\n<meta name=\"author\" content=\"ar_admin\" \/>\n<meta name=\"twitter:card\" content=\"summary_large_image\" \/>\n<meta name=\"twitter:label1\" content=\"Verfasst von\" \/>\n\t<meta name=\"twitter:data1\" content=\"ar_admin\" \/>\n<script type=\"application\/ld+json\" class=\"yoast-schema-graph\">{\"@context\":\"https:\\\/\\\/schema.org\",\"@graph\":[{\"@type\":\"Article\",\"@id\":\"https:\\\/\\\/www.airport-regional.de\\\/?p=404#article\",\"isPartOf\":{\"@id\":\"https:\\\/\\\/www.airport-regional.de\\\/?p=404\"},\"author\":{\"name\":\"ar_admin\",\"@id\":\"https:\\\/\\\/www.airport-regional.de\\\/#\\\/schema\\\/person\\\/dbf2123ca417f43f2c92a5e0812f6a6c\"},\"headline\":\"BER &#8211; Baubeh\u00f6rde erteilt Nutzungsfreigabe\",\"datePublished\":\"2020-04-30T09:30:00+00:00\",\"mainEntityOfPage\":{\"@id\":\"https:\\\/\\\/www.airport-regional.de\\\/?p=404\"},\"wordCount\":79,\"publisher\":{\"@id\":\"https:\\\/\\\/www.airport-regional.de\\\/#\\\/schema\\\/person\\\/d093f3009d106ce1a84fcb9766add780\"},\"image\":{\"@id\":\"https:\\\/\\\/www.airport-regional.de\\\/?p=404#primaryimage\"},\"thumbnailUrl\":\"https:\\\/\\\/www.airport-regional.de\\\/wp-content\\\/uploads\\\/2020\\\/04\\\/MOE_9649-1-1024x683.jpg\",\"articleSection\":{\"1\":\"Aviation Germany\",\"2\":\"Aviation International\",\"3\":\"BER\"},\"inLanguage\":\"de\"},{\"@type\":\"WebPage\",\"@id\":\"https:\\\/\\\/www.airport-regional.de\\\/?p=404\",\"url\":\"https:\\\/\\\/www.airport-regional.de\\\/?p=404\",\"name\":\"BER - Baubeh\u00f6rde erteilt Nutzungsfreigabe - airport-regional.de\",\"isPartOf\":{\"@id\":\"https:\\\/\\\/www.airport-regional.de\\\/#website\"},\"primaryImageOfPage\":{\"@id\":\"https:\\\/\\\/www.airport-regional.de\\\/?p=404#primaryimage\"},\"image\":{\"@id\":\"https:\\\/\\\/www.airport-regional.de\\\/?p=404#primaryimage\"},\"thumbnailUrl\":\"https:\\\/\\\/www.airport-regional.de\\\/wp-content\\\/uploads\\\/2020\\\/04\\\/MOE_9649-1-1024x683.jpg\",\"datePublished\":\"2020-04-30T09:30:00+00:00\",\"breadcrumb\":{\"@id\":\"https:\\\/\\\/www.airport-regional.de\\\/?p=404#breadcrumb\"},\"inLanguage\":\"de\",\"potentialAction\":[{\"@type\":\"ReadAction\",\"target\":[\"https:\\\/\\\/www.airport-regional.de\\\/?p=404\"]}]},{\"@type\":\"ImageObject\",\"inLanguage\":\"de\",\"@id\":\"https:\\\/\\\/www.airport-regional.de\\\/?p=404#primaryimage\",\"url\":\"https:\\\/\\\/www.airport-regional.de\\\/wp-content\\\/uploads\\\/2020\\\/04\\\/MOE_9649-1.jpg\",\"contentUrl\":\"https:\\\/\\\/www.airport-regional.de\\\/wp-content\\\/uploads\\\/2020\\\/04\\\/MOE_9649-1.jpg\",\"width\":2108,\"height\":1407},{\"@type\":\"BreadcrumbList\",\"@id\":\"https:\\\/\\\/www.airport-regional.de\\\/?p=404#breadcrumb\",\"itemListElement\":[{\"@type\":\"ListItem\",\"position\":1,\"name\":\"Home\",\"item\":\"https:\\\/\\\/www.airport-regional.de\\\/\"},{\"@type\":\"ListItem\",\"position\":2,\"name\":\"BER &#8211; Baubeh\u00f6rde erteilt Nutzungsfreigabe\"}]},{\"@type\":\"WebSite\",\"@id\":\"https:\\\/\\\/www.airport-regional.de\\\/#website\",\"url\":\"https:\\\/\\\/www.airport-regional.de\\\/\",\"name\":\"airport-regional.de\",\"description\":\"Luftfahrt - Berlin - Brandenburg - Deutschland\",\"publisher\":{\"@id\":\"https:\\\/\\\/www.airport-regional.de\\\/#\\\/schema\\\/person\\\/d093f3009d106ce1a84fcb9766add780\"},\"potentialAction\":[{\"@type\":\"SearchAction\",\"target\":{\"@type\":\"EntryPoint\",\"urlTemplate\":\"https:\\\/\\\/www.airport-regional.de\\\/?s={search_term_string}\"},\"query-input\":{\"@type\":\"PropertyValueSpecification\",\"valueRequired\":true,\"valueName\":\"search_term_string\"}}],\"inLanguage\":\"de\"},{\"@type\":[\"Person\",\"Organization\"],\"@id\":\"https:\\\/\\\/www.airport-regional.de\\\/#\\\/schema\\\/person\\\/d093f3009d106ce1a84fcb9766add780\",\"name\":\"m m\",\"logo\":{\"@id\":\"https:\\\/\\\/www.airport-regional.de\\\/#\\\/schema\\\/person\\\/image\\\/\"},\"sameAs\":[\"http:\\\/\\\/m\"]},{\"@type\":\"Person\",\"@id\":\"https:\\\/\\\/www.airport-regional.de\\\/#\\\/schema\\\/person\\\/dbf2123ca417f43f2c92a5e0812f6a6c\",\"name\":\"ar_admin\"}]}<\/script>\n<!-- \/ Yoast SEO plugin. -->","yoast_head_json":{"title":"BER - Baubeh\u00f6rde erteilt Nutzungsfreigabe - airport-regional.de","robots":{"index":"index","follow":"follow","max-snippet":"max-snippet:-1","max-image-preview":"max-image-preview:large","max-video-preview":"max-video-preview:-1"},"canonical":"https:\/\/www.airport-regional.de\/?p=404","og_locale":"de_DE","og_type":"article","og_title":"BER - Baubeh\u00f6rde erteilt Nutzungsfreigabe - airport-regional.de","og_description":"Das zust\u00e4ndige Bauamt des Landkreises Dahme-Spreewald hat am Dienstag, 28.04.2020, die Nachweise der Betriebssicherheit abgesegnet und die baurechtliche Freigabe f\u00fcr das Hauptgeb\u00e4ude (Terminal 1) des BER erteilt. Au\u00dfer Frage ein historisches Datum, steht dem geplanten Er\u00f6ffnungstermin am 31. Oktober 2020 &#8211; nach nunmehr 9-j\u00e4hriger Verz\u00f6gerung &#8211; zumindest bauordnungsrechtlich nichts mehr im Wege. Zuvor gab es [&hellip;]","og_url":"https:\/\/www.airport-regional.de\/?p=404","og_site_name":"airport-regional.de","article_published_time":"2020-04-30T09:30:00+00:00","og_image":[{"url":"https:\/\/www.airport-regional.de\/wp-content\/uploads\/2020\/04\/MOE_9649-1-1024x683.jpg","type":"","width":"","height":""}],"author":"ar_admin","twitter_card":"summary_large_image","twitter_misc":{"Verfasst von":"ar_admin"},"schema":{"@context":"https:\/\/schema.org","@graph":[{"@type":"Article","@id":"https:\/\/www.airport-regional.de\/?p=404#article","isPartOf":{"@id":"https:\/\/www.airport-regional.de\/?p=404"},"author":{"name":"ar_admin","@id":"https:\/\/www.airport-regional.de\/#\/schema\/person\/dbf2123ca417f43f2c92a5e0812f6a6c"},"headline":"BER &#8211; Baubeh\u00f6rde erteilt Nutzungsfreigabe","datePublished":"2020-04-30T09:30:00+00:00","mainEntityOfPage":{"@id":"https:\/\/www.airport-regional.de\/?p=404"},"wordCount":79,"publisher":{"@id":"https:\/\/www.airport-regional.de\/#\/schema\/person\/d093f3009d106ce1a84fcb9766add780"},"image":{"@id":"https:\/\/www.airport-regional.de\/?p=404#primaryimage"},"thumbnailUrl":"https:\/\/www.airport-regional.de\/wp-content\/uploads\/2020\/04\/MOE_9649-1-1024x683.jpg","articleSection":{"1":"Aviation Germany","2":"Aviation International","3":"BER"},"inLanguage":"de"},{"@type":"WebPage","@id":"https:\/\/www.airport-regional.de\/?p=404","url":"https:\/\/www.airport-regional.de\/?p=404","name":"BER - Baubeh\u00f6rde erteilt Nutzungsfreigabe - airport-regional.de","isPartOf":{"@id":"https:\/\/www.airport-regional.de\/#website"},"primaryImageOfPage":{"@id":"https:\/\/www.airport-regional.de\/?p=404#primaryimage"},"image":{"@id":"https:\/\/www.airport-regional.de\/?p=404#primaryimage"},"thumbnailUrl":"https:\/\/www.airport-regional.de\/wp-content\/uploads\/2020\/04\/MOE_9649-1-1024x683.jpg","datePublished":"2020-04-30T09:30:00+00:00","breadcrumb":{"@id":"https:\/\/www.airport-regional.de\/?p=404#breadcrumb"},"inLanguage":"de","potentialAction":[{"@type":"ReadAction","target":["https:\/\/www.airport-regional.de\/?p=404"]}]},{"@type":"ImageObject","inLanguage":"de","@id":"https:\/\/www.airport-regional.de\/?p=404#primaryimage","url":"https:\/\/www.airport-regional.de\/wp-content\/uploads\/2020\/04\/MOE_9649-1.jpg","contentUrl":"https:\/\/www.airport-regional.de\/wp-content\/uploads\/2020\/04\/MOE_9649-1.jpg","width":2108,"height":1407},{"@type":"BreadcrumbList","@id":"https:\/\/www.airport-regional.de\/?p=404#breadcrumb","itemListElement":[{"@type":"ListItem","position":1,"name":"Home","item":"https:\/\/www.airport-regional.de\/"},{"@type":"ListItem","position":2,"name":"BER &#8211; Baubeh\u00f6rde erteilt Nutzungsfreigabe"}]},{"@type":"WebSite","@id":"https:\/\/www.airport-regional.de\/#website","url":"https:\/\/www.airport-regional.de\/","name":"airport-regional.de","description":"Luftfahrt - Berlin - Brandenburg - Deutschland","publisher":{"@id":"https:\/\/www.airport-regional.de\/#\/schema\/person\/d093f3009d106ce1a84fcb9766add780"},"potentialAction":[{"@type":"SearchAction","target":{"@type":"EntryPoint","urlTemplate":"https:\/\/www.airport-regional.de\/?s={search_term_string}"},"query-input":{"@type":"PropertyValueSpecification","valueRequired":true,"valueName":"search_term_string"}}],"inLanguage":"de"},{"@type":["Person","Organization"],"@id":"https:\/\/www.airport-regional.de\/#\/schema\/person\/d093f3009d106ce1a84fcb9766add780","name":"m m","logo":{"@id":"https:\/\/www.airport-regional.de\/#\/schema\/person\/image\/"},"sameAs":["http:\/\/m"]},{"@type":"Person","@id":"https:\/\/www.airport-regional.de\/#\/schema\/person\/dbf2123ca417f43f2c92a5e0812f6a6c","name":"ar_admin"}]}},"_links":{"self":[{"href":"https:\/\/www.airport-regional.de\/index.php?rest_route=\/wp\/v2\/posts\/404","targetHints":{"allow":["GET"]}}],"collection":[{"href":"https:\/\/www.airport-regional.de\/index.php?rest_route=\/wp\/v2\/posts"}],"about":[{"href":"https:\/\/www.airport-regional.de\/index.php?rest_route=\/wp\/v2\/types\/post"}],"author":[{"embeddable":true,"href":"https:\/\/www.airport-regional.de\/index.php?rest_route=\/wp\/v2\/users\/1"}],"replies":[{"embeddable":true,"href":"https:\/\/www.airport-regional.de\/index.php?rest_route=%2Fwp%2Fv2%2Fcomments&post=404"}],"version-history":[{"count":2,"href":"https:\/\/www.airport-regional.de\/index.php?rest_route=\/wp\/v2\/posts\/404\/revisions"}],"predecessor-version":[{"id":407,"href":"https:\/\/www.airport-regional.de\/index.php?rest_route=\/wp\/v2\/posts\/404\/revisions\/407"}],"wp:attachment":[{"href":"https:\/\/www.airport-regional.de\/index.php?rest_route=%2Fwp%2Fv2%2Fmedia&parent=404"}],"wp:term":[{"taxonomy":"category","embeddable":true,"href":"https:\/\/www.airport-regional.de\/index.php?rest_route=%2Fwp%2Fv2%2Fcategories&post=404"},{"taxonomy":"post_tag","embeddable":true,"href":"https:\/\/www.airport-regional.de\/index.php?rest_route=%2Fwp%2Fv2%2Ftags&post=404"}],"curies":[{"name":"wp","href":"https:\/\/api.w.org\/{rel}","templated":true}]}}