{"id":426,"date":"2020-10-23T23:33:55","date_gmt":"2020-10-23T21:33:55","guid":{"rendered":"https:\/\/www.airport-regional.de\/?p=426"},"modified":"2020-10-23T23:55:23","modified_gmt":"2020-10-23T21:55:23","slug":"t-est","status":"publish","type":"post","link":"https:\/\/www.airport-regional.de\/?p=426","title":{"rendered":"Flughafen Berlin-Sch\u00f6nefeld wird BER Terminal 5"},"content":{"rendered":"\n<figure class=\"wp-block-image size-large is-style-default\"><img loading=\"lazy\" decoding=\"async\" width=\"1024\" height=\"683\" src=\"https:\/\/www.airport-regional.de\/wp-content\/uploads\/2020\/10\/sxf_4_2020-1024x683.jpg\" alt=\"\" class=\"wp-image-420\" srcset=\"https:\/\/www.airport-regional.de\/wp-content\/uploads\/2020\/10\/sxf_4_2020-1024x683.jpg 1024w, https:\/\/www.airport-regional.de\/wp-content\/uploads\/2020\/10\/sxf_4_2020-800x534.jpg 800w, https:\/\/www.airport-regional.de\/wp-content\/uploads\/2020\/10\/sxf_4_2020-768x512.jpg 768w, https:\/\/www.airport-regional.de\/wp-content\/uploads\/2020\/10\/sxf_4_2020-624x416.jpg 624w, https:\/\/www.airport-regional.de\/wp-content\/uploads\/2020\/10\/sxf_4_2020.jpg 1280w\" sizes=\"auto, (max-width: 1024px) 100vw, 1024px\" \/><figcaption><em>\u00a9 airport-regional.de\/ M\u00f6ller 2020<\/em><\/figcaption><\/figure>\n\n\n\n<figure class=\"wp-block-image size-large is-style-default\"><img loading=\"lazy\" decoding=\"async\" width=\"1024\" height=\"683\" src=\"https:\/\/www.airport-regional.de\/wp-content\/uploads\/2020\/10\/MOE_2243-1024x683.jpg\" alt=\"\" class=\"wp-image-419\" srcset=\"https:\/\/www.airport-regional.de\/wp-content\/uploads\/2020\/10\/MOE_2243-1024x683.jpg 1024w, https:\/\/www.airport-regional.de\/wp-content\/uploads\/2020\/10\/MOE_2243-800x534.jpg 800w, https:\/\/www.airport-regional.de\/wp-content\/uploads\/2020\/10\/MOE_2243-768x512.jpg 768w, https:\/\/www.airport-regional.de\/wp-content\/uploads\/2020\/10\/MOE_2243-624x416.jpg 624w, https:\/\/www.airport-regional.de\/wp-content\/uploads\/2020\/10\/MOE_2243.jpg 1213w\" sizes=\"auto, (max-width: 1024px) 100vw, 1024px\" \/><figcaption><em>\u00a9 airport-regional.de\/ M\u00f6ller 2020<\/em><\/figcaption><\/figure>\n\n\n\n<figure class=\"wp-block-image size-large\"><img loading=\"lazy\" decoding=\"async\" width=\"1024\" height=\"683\" src=\"https:\/\/www.airport-regional.de\/wp-content\/uploads\/2020\/10\/MOE_3260-1024x683.jpg\" alt=\"\" class=\"wp-image-418\" srcset=\"https:\/\/www.airport-regional.de\/wp-content\/uploads\/2020\/10\/MOE_3260-1024x683.jpg 1024w, https:\/\/www.airport-regional.de\/wp-content\/uploads\/2020\/10\/MOE_3260-800x534.jpg 800w, https:\/\/www.airport-regional.de\/wp-content\/uploads\/2020\/10\/MOE_3260-768x512.jpg 768w, https:\/\/www.airport-regional.de\/wp-content\/uploads\/2020\/10\/MOE_3260-624x416.jpg 624w, https:\/\/www.airport-regional.de\/wp-content\/uploads\/2020\/10\/MOE_3260.jpg 1213w\" sizes=\"auto, (max-width: 1024px) 100vw, 1024px\" \/><figcaption><em>\u00a9 airport-regional.de\/ M\u00f6ller 2020<\/em><\/figcaption><\/figure>\n\n\n\n<p>Neues altes Terminal &#8211; Berlin-Sch\u00f6nefeld wird zu BER Terminal 5. Flei\u00dfig gewerkelt wurde nicht nur am neuen BER sondern auch in Sch\u00f6nefeld. Flughafen Berlin-Sch\u00f6nefeld, das Jahrzehnte alte Wahrzeichen am alten Hauptgeb\u00e4ude des Flughafens, existiert nicht mehr. Zwischenzeitlich namenlos, zeigt sich seit Ende Oktober 2020 der neue Schriftzug \u00fcber dem alten, neuen Terminal 5. <\/p>\n","protected":false},"excerpt":{"rendered":"<p>Neues altes Terminal &#8211; Berlin-Sch\u00f6nefeld wird zu BER Terminal 5. Flei\u00dfig gewerkelt wurde nicht nur am neuen BER sondern auch in Sch\u00f6nefeld. Flughafen Berlin-Sch\u00f6nefeld, das Jahrzehnte alte Wahrzeichen am alten Hauptgeb\u00e4ude des Flughafens, existiert nicht mehr. Zwischenzeitlich namenlos, zeigt sich seit Ende Oktober 2020 der neue Schriftzug \u00fcber dem alten, neuen Terminal 5.<\/p>\n","protected":false},"author":1,"featured_media":0,"comment_status":"closed","ping_status":"open","sticky":false,"template":"","format":"standard","meta":{"footnotes":""},"categories":[1,11,10,22],"tags":[79,43,16,88],"class_list":["post-426","post","type-post","status-publish","format-standard","hentry","category-allgemein","category-aviation-germany","category-aviation-international","category-ber","tag-ber","tag-flughafen-berlin-brandenbur","tag-schoenefeld","tag-terminal-5"],"yoast_head":"<!-- This site is optimized with the Yoast SEO plugin v27.4 - https:\/\/yoast.com\/product\/yoast-seo-wordpress\/ -->\n<title>Flughafen Berlin-Sch\u00f6nefeld wird BER Terminal 5 - airport-regional.de<\/title>\n<meta name=\"robots\" content=\"index, follow, max-snippet:-1, max-image-preview:large, max-video-preview:-1\" \/>\n<link rel=\"canonical\" href=\"https:\/\/www.airport-regional.de\/?p=426\" \/>\n<meta property=\"og:locale\" content=\"de_DE\" \/>\n<meta property=\"og:type\" content=\"article\" \/>\n<meta property=\"og:title\" content=\"Flughafen Berlin-Sch\u00f6nefeld wird BER Terminal 5 - airport-regional.de\" \/>\n<meta property=\"og:description\" content=\"Neues altes Terminal &#8211; Berlin-Sch\u00f6nefeld wird zu BER Terminal 5. Flei\u00dfig gewerkelt wurde nicht nur am neuen BER sondern auch in Sch\u00f6nefeld. Flughafen Berlin-Sch\u00f6nefeld, das Jahrzehnte alte Wahrzeichen am alten Hauptgeb\u00e4ude des Flughafens, existiert nicht mehr. Zwischenzeitlich namenlos, zeigt sich seit Ende Oktober 2020 der neue Schriftzug \u00fcber dem alten, neuen Terminal 5.\" \/>\n<meta property=\"og:url\" content=\"https:\/\/www.airport-regional.de\/?p=426\" \/>\n<meta property=\"og:site_name\" content=\"airport-regional.de\" \/>\n<meta property=\"article:published_time\" content=\"2020-10-23T21:33:55+00:00\" \/>\n<meta property=\"article:modified_time\" content=\"2020-10-23T21:55:23+00:00\" \/>\n<meta property=\"og:image\" content=\"https:\/\/www.airport-regional.de\/wp-content\/uploads\/2020\/10\/sxf_4_2020-1024x683.jpg\" \/>\n<meta name=\"author\" content=\"ar_admin\" \/>\n<meta name=\"twitter:card\" content=\"summary_large_image\" \/>\n<meta name=\"twitter:label1\" content=\"Verfasst von\" \/>\n\t<meta name=\"twitter:data1\" content=\"ar_admin\" \/>\n<script type=\"application\/ld+json\" class=\"yoast-schema-graph\">{\"@context\":\"https:\\\/\\\/schema.org\",\"@graph\":[{\"@type\":\"Article\",\"@id\":\"https:\\\/\\\/www.airport-regional.de\\\/?p=426#article\",\"isPartOf\":{\"@id\":\"https:\\\/\\\/www.airport-regional.de\\\/?p=426\"},\"author\":{\"name\":\"ar_admin\",\"@id\":\"https:\\\/\\\/www.airport-regional.de\\\/#\\\/schema\\\/person\\\/dbf2123ca417f43f2c92a5e0812f6a6c\"},\"headline\":\"Flughafen Berlin-Sch\u00f6nefeld wird BER Terminal 5\",\"datePublished\":\"2020-10-23T21:33:55+00:00\",\"dateModified\":\"2020-10-23T21:55:23+00:00\",\"mainEntityOfPage\":{\"@id\":\"https:\\\/\\\/www.airport-regional.de\\\/?p=426\"},\"wordCount\":73,\"publisher\":{\"@id\":\"https:\\\/\\\/www.airport-regional.de\\\/#\\\/schema\\\/person\\\/d093f3009d106ce1a84fcb9766add780\"},\"image\":{\"@id\":\"https:\\\/\\\/www.airport-regional.de\\\/?p=426#primaryimage\"},\"thumbnailUrl\":\"https:\\\/\\\/www.airport-regional.de\\\/wp-content\\\/uploads\\\/2020\\\/10\\\/sxf_4_2020-1024x683.jpg\",\"keywords\":[\"BER\",\"Flughafen Berlin-Brandenbur\",\"Sch\u00f6nefeld\",\"Terminal 5\"],\"articleSection\":{\"1\":\"Aviation Germany\",\"2\":\"Aviation International\",\"3\":\"BER\"},\"inLanguage\":\"de\"},{\"@type\":\"WebPage\",\"@id\":\"https:\\\/\\\/www.airport-regional.de\\\/?p=426\",\"url\":\"https:\\\/\\\/www.airport-regional.de\\\/?p=426\",\"name\":\"Flughafen Berlin-Sch\u00f6nefeld wird BER Terminal 5 - airport-regional.de\",\"isPartOf\":{\"@id\":\"https:\\\/\\\/www.airport-regional.de\\\/#website\"},\"primaryImageOfPage\":{\"@id\":\"https:\\\/\\\/www.airport-regional.de\\\/?p=426#primaryimage\"},\"image\":{\"@id\":\"https:\\\/\\\/www.airport-regional.de\\\/?p=426#primaryimage\"},\"thumbnailUrl\":\"https:\\\/\\\/www.airport-regional.de\\\/wp-content\\\/uploads\\\/2020\\\/10\\\/sxf_4_2020-1024x683.jpg\",\"datePublished\":\"2020-10-23T21:33:55+00:00\",\"dateModified\":\"2020-10-23T21:55:23+00:00\",\"breadcrumb\":{\"@id\":\"https:\\\/\\\/www.airport-regional.de\\\/?p=426#breadcrumb\"},\"inLanguage\":\"de\",\"potentialAction\":[{\"@type\":\"ReadAction\",\"target\":[\"https:\\\/\\\/www.airport-regional.de\\\/?p=426\"]}]},{\"@type\":\"ImageObject\",\"inLanguage\":\"de\",\"@id\":\"https:\\\/\\\/www.airport-regional.de\\\/?p=426#primaryimage\",\"url\":\"https:\\\/\\\/www.airport-regional.de\\\/wp-content\\\/uploads\\\/2020\\\/10\\\/sxf_4_2020.jpg\",\"contentUrl\":\"https:\\\/\\\/www.airport-regional.de\\\/wp-content\\\/uploads\\\/2020\\\/10\\\/sxf_4_2020.jpg\",\"width\":1280,\"height\":854},{\"@type\":\"BreadcrumbList\",\"@id\":\"https:\\\/\\\/www.airport-regional.de\\\/?p=426#breadcrumb\",\"itemListElement\":[{\"@type\":\"ListItem\",\"position\":1,\"name\":\"Home\",\"item\":\"https:\\\/\\\/www.airport-regional.de\\\/\"},{\"@type\":\"ListItem\",\"position\":2,\"name\":\"Flughafen Berlin-Sch\u00f6nefeld wird BER Terminal 5\"}]},{\"@type\":\"WebSite\",\"@id\":\"https:\\\/\\\/www.airport-regional.de\\\/#website\",\"url\":\"https:\\\/\\\/www.airport-regional.de\\\/\",\"name\":\"airport-regional.de\",\"description\":\"Luftfahrt - Berlin - Brandenburg - Deutschland\",\"publisher\":{\"@id\":\"https:\\\/\\\/www.airport-regional.de\\\/#\\\/schema\\\/person\\\/d093f3009d106ce1a84fcb9766add780\"},\"potentialAction\":[{\"@type\":\"SearchAction\",\"target\":{\"@type\":\"EntryPoint\",\"urlTemplate\":\"https:\\\/\\\/www.airport-regional.de\\\/?s={search_term_string}\"},\"query-input\":{\"@type\":\"PropertyValueSpecification\",\"valueRequired\":true,\"valueName\":\"search_term_string\"}}],\"inLanguage\":\"de\"},{\"@type\":[\"Person\",\"Organization\"],\"@id\":\"https:\\\/\\\/www.airport-regional.de\\\/#\\\/schema\\\/person\\\/d093f3009d106ce1a84fcb9766add780\",\"name\":\"m m\",\"logo\":{\"@id\":\"https:\\\/\\\/www.airport-regional.de\\\/#\\\/schema\\\/person\\\/image\\\/\"},\"sameAs\":[\"http:\\\/\\\/m\"]},{\"@type\":\"Person\",\"@id\":\"https:\\\/\\\/www.airport-regional.de\\\/#\\\/schema\\\/person\\\/dbf2123ca417f43f2c92a5e0812f6a6c\",\"name\":\"ar_admin\"}]}<\/script>\n<!-- \/ Yoast SEO plugin. -->","yoast_head_json":{"title":"Flughafen Berlin-Sch\u00f6nefeld wird BER Terminal 5 - airport-regional.de","robots":{"index":"index","follow":"follow","max-snippet":"max-snippet:-1","max-image-preview":"max-image-preview:large","max-video-preview":"max-video-preview:-1"},"canonical":"https:\/\/www.airport-regional.de\/?p=426","og_locale":"de_DE","og_type":"article","og_title":"Flughafen Berlin-Sch\u00f6nefeld wird BER Terminal 5 - airport-regional.de","og_description":"Neues altes Terminal &#8211; Berlin-Sch\u00f6nefeld wird zu BER Terminal 5. Flei\u00dfig gewerkelt wurde nicht nur am neuen BER sondern auch in Sch\u00f6nefeld. Flughafen Berlin-Sch\u00f6nefeld, das Jahrzehnte alte Wahrzeichen am alten Hauptgeb\u00e4ude des Flughafens, existiert nicht mehr. Zwischenzeitlich namenlos, zeigt sich seit Ende Oktober 2020 der neue Schriftzug \u00fcber dem alten, neuen Terminal 5.","og_url":"https:\/\/www.airport-regional.de\/?p=426","og_site_name":"airport-regional.de","article_published_time":"2020-10-23T21:33:55+00:00","article_modified_time":"2020-10-23T21:55:23+00:00","og_image":[{"url":"https:\/\/www.airport-regional.de\/wp-content\/uploads\/2020\/10\/sxf_4_2020-1024x683.jpg","type":"","width":"","height":""}],"author":"ar_admin","twitter_card":"summary_large_image","twitter_misc":{"Verfasst von":"ar_admin"},"schema":{"@context":"https:\/\/schema.org","@graph":[{"@type":"Article","@id":"https:\/\/www.airport-regional.de\/?p=426#article","isPartOf":{"@id":"https:\/\/www.airport-regional.de\/?p=426"},"author":{"name":"ar_admin","@id":"https:\/\/www.airport-regional.de\/#\/schema\/person\/dbf2123ca417f43f2c92a5e0812f6a6c"},"headline":"Flughafen Berlin-Sch\u00f6nefeld wird BER Terminal 5","datePublished":"2020-10-23T21:33:55+00:00","dateModified":"2020-10-23T21:55:23+00:00","mainEntityOfPage":{"@id":"https:\/\/www.airport-regional.de\/?p=426"},"wordCount":73,"publisher":{"@id":"https:\/\/www.airport-regional.de\/#\/schema\/person\/d093f3009d106ce1a84fcb9766add780"},"image":{"@id":"https:\/\/www.airport-regional.de\/?p=426#primaryimage"},"thumbnailUrl":"https:\/\/www.airport-regional.de\/wp-content\/uploads\/2020\/10\/sxf_4_2020-1024x683.jpg","keywords":["BER","Flughafen Berlin-Brandenbur","Sch\u00f6nefeld","Terminal 5"],"articleSection":{"1":"Aviation Germany","2":"Aviation International","3":"BER"},"inLanguage":"de"},{"@type":"WebPage","@id":"https:\/\/www.airport-regional.de\/?p=426","url":"https:\/\/www.airport-regional.de\/?p=426","name":"Flughafen Berlin-Sch\u00f6nefeld wird BER Terminal 5 - airport-regional.de","isPartOf":{"@id":"https:\/\/www.airport-regional.de\/#website"},"primaryImageOfPage":{"@id":"https:\/\/www.airport-regional.de\/?p=426#primaryimage"},"image":{"@id":"https:\/\/www.airport-regional.de\/?p=426#primaryimage"},"thumbnailUrl":"https:\/\/www.airport-regional.de\/wp-content\/uploads\/2020\/10\/sxf_4_2020-1024x683.jpg","datePublished":"2020-10-23T21:33:55+00:00","dateModified":"2020-10-23T21:55:23+00:00","breadcrumb":{"@id":"https:\/\/www.airport-regional.de\/?p=426#breadcrumb"},"inLanguage":"de","potentialAction":[{"@type":"ReadAction","target":["https:\/\/www.airport-regional.de\/?p=426"]}]},{"@type":"ImageObject","inLanguage":"de","@id":"https:\/\/www.airport-regional.de\/?p=426#primaryimage","url":"https:\/\/www.airport-regional.de\/wp-content\/uploads\/2020\/10\/sxf_4_2020.jpg","contentUrl":"https:\/\/www.airport-regional.de\/wp-content\/uploads\/2020\/10\/sxf_4_2020.jpg","width":1280,"height":854},{"@type":"BreadcrumbList","@id":"https:\/\/www.airport-regional.de\/?p=426#breadcrumb","itemListElement":[{"@type":"ListItem","position":1,"name":"Home","item":"https:\/\/www.airport-regional.de\/"},{"@type":"ListItem","position":2,"name":"Flughafen Berlin-Sch\u00f6nefeld wird BER Terminal 5"}]},{"@type":"WebSite","@id":"https:\/\/www.airport-regional.de\/#website","url":"https:\/\/www.airport-regional.de\/","name":"airport-regional.de","description":"Luftfahrt - Berlin - Brandenburg - Deutschland","publisher":{"@id":"https:\/\/www.airport-regional.de\/#\/schema\/person\/d093f3009d106ce1a84fcb9766add780"},"potentialAction":[{"@type":"SearchAction","target":{"@type":"EntryPoint","urlTemplate":"https:\/\/www.airport-regional.de\/?s={search_term_string}"},"query-input":{"@type":"PropertyValueSpecification","valueRequired":true,"valueName":"search_term_string"}}],"inLanguage":"de"},{"@type":["Person","Organization"],"@id":"https:\/\/www.airport-regional.de\/#\/schema\/person\/d093f3009d106ce1a84fcb9766add780","name":"m m","logo":{"@id":"https:\/\/www.airport-regional.de\/#\/schema\/person\/image\/"},"sameAs":["http:\/\/m"]},{"@type":"Person","@id":"https:\/\/www.airport-regional.de\/#\/schema\/person\/dbf2123ca417f43f2c92a5e0812f6a6c","name":"ar_admin"}]}},"_links":{"self":[{"href":"https:\/\/www.airport-regional.de\/index.php?rest_route=\/wp\/v2\/posts\/426","targetHints":{"allow":["GET"]}}],"collection":[{"href":"https:\/\/www.airport-regional.de\/index.php?rest_route=\/wp\/v2\/posts"}],"about":[{"href":"https:\/\/www.airport-regional.de\/index.php?rest_route=\/wp\/v2\/types\/post"}],"author":[{"embeddable":true,"href":"https:\/\/www.airport-regional.de\/index.php?rest_route=\/wp\/v2\/users\/1"}],"replies":[{"embeddable":true,"href":"https:\/\/www.airport-regional.de\/index.php?rest_route=%2Fwp%2Fv2%2Fcomments&post=426"}],"version-history":[{"count":3,"href":"https:\/\/www.airport-regional.de\/index.php?rest_route=\/wp\/v2\/posts\/426\/revisions"}],"predecessor-version":[{"id":430,"href":"https:\/\/www.airport-regional.de\/index.php?rest_route=\/wp\/v2\/posts\/426\/revisions\/430"}],"wp:attachment":[{"href":"https:\/\/www.airport-regional.de\/index.php?rest_route=%2Fwp%2Fv2%2Fmedia&parent=426"}],"wp:term":[{"taxonomy":"category","embeddable":true,"href":"https:\/\/www.airport-regional.de\/index.php?rest_route=%2Fwp%2Fv2%2Fcategories&post=426"},{"taxonomy":"post_tag","embeddable":true,"href":"https:\/\/www.airport-regional.de\/index.php?rest_route=%2Fwp%2Fv2%2Ftags&post=426"}],"curies":[{"name":"wp","href":"https:\/\/api.w.org\/{rel}","templated":true}]}}