{"id":64,"date":"2014-02-23T01:38:00","date_gmt":"2014-02-22T23:38:00","guid":{"rendered":"http:\/\/www.airport-regional.de\/?p=64"},"modified":"2015-10-07T22:28:49","modified_gmt":"2015-10-07T20:28:49","slug":"ber-projekt-testbetrieb-nordpier-gestoppt","status":"publish","type":"post","link":"https:\/\/www.airport-regional.de\/?p=64","title":{"rendered":"BER &#8211; Projekt &#8222;Testbetrieb-Nordpier&#8220; gestoppt"},"content":{"rendered":"<p>Am 20.02.2014 gibt die FBB durch Pressemeldung bekannt, dass das seit 2012 angek\u00fcndigte Vorhaben zum geplanten vorgezogenen Praxistest am Nordfl\u00fcgel des BER-Terminals endg\u00fcltig verworfen wird. Geplant war hier die testweise Nutzung durch Germania. Als Grund f\u00fcr die Beendigung der \u00dcberlegungen zum Testbetrieb wird von der FBB Gesch\u00e4ftsf\u00fchrung\/ Hartmut Mehdorn mangelnde Unterst\u00fctzung seitens der drei Gesellschafter angegeben.<\/p>\n<p>Die Baugenehmigung f\u00fcr das neue Geb\u00e4ude &#8211; als n\u00f6rdlicher Seitenfl\u00fcgel des Hauptterminals &#8211; wurde bereits Anfang 2008 erteilt und hatte seit dem eine G\u00fcltigkeit von 7 Jahren. Die Baugenehmigung f\u00fcr den Zweck der Nutzung als Passagierterminal (Nutzung v. a. f\u00fcr LowCost Airlines) l\u00e4uft damit regul\u00e4r 2015 aus.<\/p>\n<p><a href=\"http:\/\/www.airport-regional.de\/wp-content\/uploads\/2014\/02\/ber13.jpg\"><img loading=\"lazy\" decoding=\"async\" class=\"size-medium wp-image-65 alignnone\" src=\"http:\/\/www.airport-regional.de\/wp-content\/uploads\/2014\/02\/ber13-800x534.jpg\" alt=\"BER c) airport-regional.de\" width=\"800\" height=\"534\" srcset=\"https:\/\/www.airport-regional.de\/wp-content\/uploads\/2014\/02\/ber13-800x534.jpg 800w, https:\/\/www.airport-regional.de\/wp-content\/uploads\/2014\/02\/ber13-624x417.jpg 624w, https:\/\/www.airport-regional.de\/wp-content\/uploads\/2014\/02\/ber13.jpg 969w\" sizes=\"auto, (max-width: 800px) 100vw, 800px\" \/><\/a><\/p>\n<p>\u00a9 airport-regional.de 2013<\/p>\n","protected":false},"excerpt":{"rendered":"<p>Am 20.02.2014 gibt die FBB durch Pressemeldung bekannt, dass das seit 2012 angek\u00fcndigte Vorhaben zum geplanten vorgezogenen Praxistest am Nordfl\u00fcgel des BER-Terminals endg\u00fcltig verworfen wird. Geplant war hier die testweise Nutzung durch Germania. Als Grund f\u00fcr die Beendigung der \u00dcberlegungen zum Testbetrieb wird von der FBB Gesch\u00e4ftsf\u00fchrung\/ Hartmut Mehdorn mangelnde Unterst\u00fctzung seitens der drei Gesellschafter [&hellip;]<\/p>\n","protected":false},"author":1,"featured_media":0,"comment_status":"closed","ping_status":"open","sticky":false,"template":"","format":"standard","meta":{"footnotes":""},"categories":[11,10,13],"tags":[79,19,25,23,24,26],"class_list":["post-64","post","type-post","status-publish","format-standard","hentry","category-aviation-germany","category-aviation-international","category-berlin-brandenburg","tag-ber","tag-berlin","tag-flughafen","tag-mehdorn","tag-nordpier","tag-sxf"],"yoast_head":"<!-- This site is optimized with the Yoast SEO plugin v27.4 - https:\/\/yoast.com\/product\/yoast-seo-wordpress\/ -->\n<title>BER - Projekt &quot;Testbetrieb-Nordpier&quot; gestoppt - airport-regional.de<\/title>\n<meta name=\"robots\" content=\"index, follow, max-snippet:-1, max-image-preview:large, max-video-preview:-1\" \/>\n<link rel=\"canonical\" href=\"https:\/\/www.airport-regional.de\/?p=64\" \/>\n<meta property=\"og:locale\" content=\"de_DE\" \/>\n<meta property=\"og:type\" content=\"article\" \/>\n<meta property=\"og:title\" content=\"BER - Projekt &quot;Testbetrieb-Nordpier&quot; gestoppt - airport-regional.de\" \/>\n<meta property=\"og:description\" content=\"Am 20.02.2014 gibt die FBB durch Pressemeldung bekannt, dass das seit 2012 angek\u00fcndigte Vorhaben zum geplanten vorgezogenen Praxistest am Nordfl\u00fcgel des BER-Terminals endg\u00fcltig verworfen wird. Geplant war hier die testweise Nutzung durch Germania. Als Grund f\u00fcr die Beendigung der \u00dcberlegungen zum Testbetrieb wird von der FBB Gesch\u00e4ftsf\u00fchrung\/ Hartmut Mehdorn mangelnde Unterst\u00fctzung seitens der drei Gesellschafter [&hellip;]\" \/>\n<meta property=\"og:url\" content=\"https:\/\/www.airport-regional.de\/?p=64\" \/>\n<meta property=\"og:site_name\" content=\"airport-regional.de\" \/>\n<meta property=\"article:published_time\" content=\"2014-02-22T23:38:00+00:00\" \/>\n<meta property=\"article:modified_time\" content=\"2015-10-07T20:28:49+00:00\" \/>\n<meta property=\"og:image\" content=\"http:\/\/www.airport-regional.de\/wp-content\/uploads\/2014\/02\/ber13-800x534.jpg\" \/>\n<meta name=\"author\" content=\"ar_admin\" \/>\n<meta name=\"twitter:card\" content=\"summary_large_image\" \/>\n<meta name=\"twitter:label1\" content=\"Verfasst von\" \/>\n\t<meta name=\"twitter:data1\" content=\"ar_admin\" \/>\n\t<meta name=\"twitter:label2\" content=\"Gesch\u00e4tzte Lesezeit\" \/>\n\t<meta name=\"twitter:data2\" content=\"1\u00a0Minute\" \/>\n<script type=\"application\/ld+json\" class=\"yoast-schema-graph\">{\"@context\":\"https:\\\/\\\/schema.org\",\"@graph\":[{\"@type\":\"Article\",\"@id\":\"https:\\\/\\\/www.airport-regional.de\\\/?p=64#article\",\"isPartOf\":{\"@id\":\"https:\\\/\\\/www.airport-regional.de\\\/?p=64\"},\"author\":{\"name\":\"ar_admin\",\"@id\":\"https:\\\/\\\/www.airport-regional.de\\\/#\\\/schema\\\/person\\\/dbf2123ca417f43f2c92a5e0812f6a6c\"},\"headline\":\"BER &#8211; Projekt &#8222;Testbetrieb-Nordpier&#8220; gestoppt\",\"datePublished\":\"2014-02-22T23:38:00+00:00\",\"dateModified\":\"2015-10-07T20:28:49+00:00\",\"mainEntityOfPage\":{\"@id\":\"https:\\\/\\\/www.airport-regional.de\\\/?p=64\"},\"wordCount\":121,\"publisher\":{\"@id\":\"https:\\\/\\\/www.airport-regional.de\\\/#\\\/schema\\\/person\\\/d093f3009d106ce1a84fcb9766add780\"},\"image\":{\"@id\":\"https:\\\/\\\/www.airport-regional.de\\\/?p=64#primaryimage\"},\"thumbnailUrl\":\"http:\\\/\\\/www.airport-regional.de\\\/wp-content\\\/uploads\\\/2014\\\/02\\\/ber13-800x534.jpg\",\"keywords\":[\"BER\",\"Berlin\",\"Flughafen\",\"Mehdorn\",\"Nordpier\",\"SXF\"],\"articleSection\":[\"Aviation Germany\",\"Aviation International\",\"Berlin + Brandenburg\"],\"inLanguage\":\"de\"},{\"@type\":\"WebPage\",\"@id\":\"https:\\\/\\\/www.airport-regional.de\\\/?p=64\",\"url\":\"https:\\\/\\\/www.airport-regional.de\\\/?p=64\",\"name\":\"BER - Projekt \\\"Testbetrieb-Nordpier\\\" gestoppt - airport-regional.de\",\"isPartOf\":{\"@id\":\"https:\\\/\\\/www.airport-regional.de\\\/#website\"},\"primaryImageOfPage\":{\"@id\":\"https:\\\/\\\/www.airport-regional.de\\\/?p=64#primaryimage\"},\"image\":{\"@id\":\"https:\\\/\\\/www.airport-regional.de\\\/?p=64#primaryimage\"},\"thumbnailUrl\":\"http:\\\/\\\/www.airport-regional.de\\\/wp-content\\\/uploads\\\/2014\\\/02\\\/ber13-800x534.jpg\",\"datePublished\":\"2014-02-22T23:38:00+00:00\",\"dateModified\":\"2015-10-07T20:28:49+00:00\",\"breadcrumb\":{\"@id\":\"https:\\\/\\\/www.airport-regional.de\\\/?p=64#breadcrumb\"},\"inLanguage\":\"de\",\"potentialAction\":[{\"@type\":\"ReadAction\",\"target\":[\"https:\\\/\\\/www.airport-regional.de\\\/?p=64\"]}]},{\"@type\":\"ImageObject\",\"inLanguage\":\"de\",\"@id\":\"https:\\\/\\\/www.airport-regional.de\\\/?p=64#primaryimage\",\"url\":\"https:\\\/\\\/www.airport-regional.de\\\/wp-content\\\/uploads\\\/2014\\\/02\\\/ber13.jpg\",\"contentUrl\":\"https:\\\/\\\/www.airport-regional.de\\\/wp-content\\\/uploads\\\/2014\\\/02\\\/ber13.jpg\",\"width\":969,\"height\":648},{\"@type\":\"BreadcrumbList\",\"@id\":\"https:\\\/\\\/www.airport-regional.de\\\/?p=64#breadcrumb\",\"itemListElement\":[{\"@type\":\"ListItem\",\"position\":1,\"name\":\"Home\",\"item\":\"https:\\\/\\\/www.airport-regional.de\\\/\"},{\"@type\":\"ListItem\",\"position\":2,\"name\":\"BER &#8211; Projekt &#8222;Testbetrieb-Nordpier&#8220; gestoppt\"}]},{\"@type\":\"WebSite\",\"@id\":\"https:\\\/\\\/www.airport-regional.de\\\/#website\",\"url\":\"https:\\\/\\\/www.airport-regional.de\\\/\",\"name\":\"airport-regional.de\",\"description\":\"Luftfahrt - Berlin - Brandenburg - Deutschland\",\"publisher\":{\"@id\":\"https:\\\/\\\/www.airport-regional.de\\\/#\\\/schema\\\/person\\\/d093f3009d106ce1a84fcb9766add780\"},\"potentialAction\":[{\"@type\":\"SearchAction\",\"target\":{\"@type\":\"EntryPoint\",\"urlTemplate\":\"https:\\\/\\\/www.airport-regional.de\\\/?s={search_term_string}\"},\"query-input\":{\"@type\":\"PropertyValueSpecification\",\"valueRequired\":true,\"valueName\":\"search_term_string\"}}],\"inLanguage\":\"de\"},{\"@type\":[\"Person\",\"Organization\"],\"@id\":\"https:\\\/\\\/www.airport-regional.de\\\/#\\\/schema\\\/person\\\/d093f3009d106ce1a84fcb9766add780\",\"name\":\"m m\",\"logo\":{\"@id\":\"https:\\\/\\\/www.airport-regional.de\\\/#\\\/schema\\\/person\\\/image\\\/\"},\"sameAs\":[\"http:\\\/\\\/m\"]},{\"@type\":\"Person\",\"@id\":\"https:\\\/\\\/www.airport-regional.de\\\/#\\\/schema\\\/person\\\/dbf2123ca417f43f2c92a5e0812f6a6c\",\"name\":\"ar_admin\"}]}<\/script>\n<!-- \/ Yoast SEO plugin. -->","yoast_head_json":{"title":"BER - Projekt \"Testbetrieb-Nordpier\" gestoppt - airport-regional.de","robots":{"index":"index","follow":"follow","max-snippet":"max-snippet:-1","max-image-preview":"max-image-preview:large","max-video-preview":"max-video-preview:-1"},"canonical":"https:\/\/www.airport-regional.de\/?p=64","og_locale":"de_DE","og_type":"article","og_title":"BER - Projekt \"Testbetrieb-Nordpier\" gestoppt - airport-regional.de","og_description":"Am 20.02.2014 gibt die FBB durch Pressemeldung bekannt, dass das seit 2012 angek\u00fcndigte Vorhaben zum geplanten vorgezogenen Praxistest am Nordfl\u00fcgel des BER-Terminals endg\u00fcltig verworfen wird. Geplant war hier die testweise Nutzung durch Germania. Als Grund f\u00fcr die Beendigung der \u00dcberlegungen zum Testbetrieb wird von der FBB Gesch\u00e4ftsf\u00fchrung\/ Hartmut Mehdorn mangelnde Unterst\u00fctzung seitens der drei Gesellschafter [&hellip;]","og_url":"https:\/\/www.airport-regional.de\/?p=64","og_site_name":"airport-regional.de","article_published_time":"2014-02-22T23:38:00+00:00","article_modified_time":"2015-10-07T20:28:49+00:00","og_image":[{"url":"http:\/\/www.airport-regional.de\/wp-content\/uploads\/2014\/02\/ber13-800x534.jpg","type":"","width":"","height":""}],"author":"ar_admin","twitter_card":"summary_large_image","twitter_misc":{"Verfasst von":"ar_admin","Gesch\u00e4tzte Lesezeit":"1\u00a0Minute"},"schema":{"@context":"https:\/\/schema.org","@graph":[{"@type":"Article","@id":"https:\/\/www.airport-regional.de\/?p=64#article","isPartOf":{"@id":"https:\/\/www.airport-regional.de\/?p=64"},"author":{"name":"ar_admin","@id":"https:\/\/www.airport-regional.de\/#\/schema\/person\/dbf2123ca417f43f2c92a5e0812f6a6c"},"headline":"BER &#8211; Projekt &#8222;Testbetrieb-Nordpier&#8220; gestoppt","datePublished":"2014-02-22T23:38:00+00:00","dateModified":"2015-10-07T20:28:49+00:00","mainEntityOfPage":{"@id":"https:\/\/www.airport-regional.de\/?p=64"},"wordCount":121,"publisher":{"@id":"https:\/\/www.airport-regional.de\/#\/schema\/person\/d093f3009d106ce1a84fcb9766add780"},"image":{"@id":"https:\/\/www.airport-regional.de\/?p=64#primaryimage"},"thumbnailUrl":"http:\/\/www.airport-regional.de\/wp-content\/uploads\/2014\/02\/ber13-800x534.jpg","keywords":["BER","Berlin","Flughafen","Mehdorn","Nordpier","SXF"],"articleSection":["Aviation Germany","Aviation International","Berlin + Brandenburg"],"inLanguage":"de"},{"@type":"WebPage","@id":"https:\/\/www.airport-regional.de\/?p=64","url":"https:\/\/www.airport-regional.de\/?p=64","name":"BER - Projekt \"Testbetrieb-Nordpier\" gestoppt - airport-regional.de","isPartOf":{"@id":"https:\/\/www.airport-regional.de\/#website"},"primaryImageOfPage":{"@id":"https:\/\/www.airport-regional.de\/?p=64#primaryimage"},"image":{"@id":"https:\/\/www.airport-regional.de\/?p=64#primaryimage"},"thumbnailUrl":"http:\/\/www.airport-regional.de\/wp-content\/uploads\/2014\/02\/ber13-800x534.jpg","datePublished":"2014-02-22T23:38:00+00:00","dateModified":"2015-10-07T20:28:49+00:00","breadcrumb":{"@id":"https:\/\/www.airport-regional.de\/?p=64#breadcrumb"},"inLanguage":"de","potentialAction":[{"@type":"ReadAction","target":["https:\/\/www.airport-regional.de\/?p=64"]}]},{"@type":"ImageObject","inLanguage":"de","@id":"https:\/\/www.airport-regional.de\/?p=64#primaryimage","url":"https:\/\/www.airport-regional.de\/wp-content\/uploads\/2014\/02\/ber13.jpg","contentUrl":"https:\/\/www.airport-regional.de\/wp-content\/uploads\/2014\/02\/ber13.jpg","width":969,"height":648},{"@type":"BreadcrumbList","@id":"https:\/\/www.airport-regional.de\/?p=64#breadcrumb","itemListElement":[{"@type":"ListItem","position":1,"name":"Home","item":"https:\/\/www.airport-regional.de\/"},{"@type":"ListItem","position":2,"name":"BER &#8211; Projekt &#8222;Testbetrieb-Nordpier&#8220; gestoppt"}]},{"@type":"WebSite","@id":"https:\/\/www.airport-regional.de\/#website","url":"https:\/\/www.airport-regional.de\/","name":"airport-regional.de","description":"Luftfahrt - Berlin - Brandenburg - Deutschland","publisher":{"@id":"https:\/\/www.airport-regional.de\/#\/schema\/person\/d093f3009d106ce1a84fcb9766add780"},"potentialAction":[{"@type":"SearchAction","target":{"@type":"EntryPoint","urlTemplate":"https:\/\/www.airport-regional.de\/?s={search_term_string}"},"query-input":{"@type":"PropertyValueSpecification","valueRequired":true,"valueName":"search_term_string"}}],"inLanguage":"de"},{"@type":["Person","Organization"],"@id":"https:\/\/www.airport-regional.de\/#\/schema\/person\/d093f3009d106ce1a84fcb9766add780","name":"m m","logo":{"@id":"https:\/\/www.airport-regional.de\/#\/schema\/person\/image\/"},"sameAs":["http:\/\/m"]},{"@type":"Person","@id":"https:\/\/www.airport-regional.de\/#\/schema\/person\/dbf2123ca417f43f2c92a5e0812f6a6c","name":"ar_admin"}]}},"_links":{"self":[{"href":"https:\/\/www.airport-regional.de\/index.php?rest_route=\/wp\/v2\/posts\/64","targetHints":{"allow":["GET"]}}],"collection":[{"href":"https:\/\/www.airport-regional.de\/index.php?rest_route=\/wp\/v2\/posts"}],"about":[{"href":"https:\/\/www.airport-regional.de\/index.php?rest_route=\/wp\/v2\/types\/post"}],"author":[{"embeddable":true,"href":"https:\/\/www.airport-regional.de\/index.php?rest_route=\/wp\/v2\/users\/1"}],"replies":[{"embeddable":true,"href":"https:\/\/www.airport-regional.de\/index.php?rest_route=%2Fwp%2Fv2%2Fcomments&post=64"}],"version-history":[{"count":5,"href":"https:\/\/www.airport-regional.de\/index.php?rest_route=\/wp\/v2\/posts\/64\/revisions"}],"predecessor-version":[{"id":250,"href":"https:\/\/www.airport-regional.de\/index.php?rest_route=\/wp\/v2\/posts\/64\/revisions\/250"}],"wp:attachment":[{"href":"https:\/\/www.airport-regional.de\/index.php?rest_route=%2Fwp%2Fv2%2Fmedia&parent=64"}],"wp:term":[{"taxonomy":"category","embeddable":true,"href":"https:\/\/www.airport-regional.de\/index.php?rest_route=%2Fwp%2Fv2%2Fcategories&post=64"},{"taxonomy":"post_tag","embeddable":true,"href":"https:\/\/www.airport-regional.de\/index.php?rest_route=%2Fwp%2Fv2%2Ftags&post=64"}],"curies":[{"name":"wp","href":"https:\/\/api.w.org\/{rel}","templated":true}]}}