{"id":69,"date":"2014-02-26T23:15:32","date_gmt":"2014-02-26T21:15:32","guid":{"rendered":"http:\/\/www.airport-regional.de\/?p=69"},"modified":"2014-02-26T23:15:32","modified_gmt":"2014-02-26T21:15:32","slug":"ber-sanierung-nordbahn-verschoben","status":"publish","type":"post","link":"https:\/\/www.airport-regional.de\/?p=69","title":{"rendered":"BER &#8211; Sanierung Nordbahn verschoben"},"content":{"rendered":"<div itemprop=\"articleBody\">\n<p>Die Sanierung der aktuellen (Nord-) SLB von SXF\/ Sch\u00f6nefeld sollte urspr\u00fcnglich ab 01.07.2014 beginnen. Laut Mitteilung der Gesch\u00e4ftsf\u00fchrung der FBB\/ Hartmut Mehdorn (Pressemeldungen ab 22.02.2014) wird daraus nun vorerst nichts.<\/p>\n<p>Die Erneuerung der SLB wird nun auf M\u00e4rz 2015 verschoben. Grund hierf\u00fcr ist der bisher noch fehlende Schallschutz f\u00fcr die betroffenen Anwohner im Bereich der neuen S\u00fcd-SLB. Erst wenn der technische Schallschutz in allen berechtigten Haushalten umgesetzt ist, k\u00f6nnen auch die neuen Flugrouten von\/ zur neuen S\u00fcdbahn in Kraft gesetzt werden.\u00a0Da die Vorarbeiten f\u00fcr die Schallschutzma\u00dfnahmen (Gutachten sowie bauliche Realisierungen) bis zum urspr\u00fcnglichen Termin durch die FBB bzw. beauftragte Ingenieurb\u00fcros und Bauunternehmen nicht mehr realisiert werden k\u00f6nnen, muss damit die Sanierung der alten (Nord-) SLB verschoben werden.<\/p>\n<p>Die planerischen Grundlagen, v. a. Analyse und Auswertung der Bestandssituation der alten (Nord-) SLB von SXF, f\u00fcr die Sanierungsarbeiten wurden seit Mitte 2013 von einem Ingenieurunternehmen aus Nordrhein-Westfalen erstellt. Hierf\u00fcr wurden zu Beginn 2013 die Bestandsfl\u00e4chen (SLB Nord alt, Apron + Taxiways) durch hochgenauer Messluftbilder erfasst.<\/p>\n<div itemprop=\"articleBody\">\n<p><span style=\"line-height: 1.714285714; font-size: 1rem;\"><a href=\"http:\/\/www.airport-regional.de\/wp-content\/uploads\/2014\/02\/BER132.jpg\"><img loading=\"lazy\" decoding=\"async\" class=\"alignleft size-medium wp-image-70\" alt=\"BER SLB S\u00fcd\" src=\"http:\/\/www.airport-regional.de\/wp-content\/uploads\/2014\/02\/BER132-800x535.jpg\" width=\"800\" height=\"535\" srcset=\"https:\/\/www.airport-regional.de\/wp-content\/uploads\/2014\/02\/BER132-800x535.jpg 800w, https:\/\/www.airport-regional.de\/wp-content\/uploads\/2014\/02\/BER132-1024x685.jpg 1024w, https:\/\/www.airport-regional.de\/wp-content\/uploads\/2014\/02\/BER132-624x417.jpg 624w, https:\/\/www.airport-regional.de\/wp-content\/uploads\/2014\/02\/BER132.jpg 1830w\" sizes=\"auto, (max-width: 800px) 100vw, 800px\" \/><\/a><\/span><span style=\"font-size: 1rem; line-height: 1.714285714;\">\u00a0<\/span><span style=\"line-height: 1.714285714; font-size: 1rem;\">\u00a0<\/span>Foto c) airport-regional.de, 2013<\/p>\n<\/div>\n<\/div>\n","protected":false},"excerpt":{"rendered":"<p>Die Sanierung der aktuellen (Nord-) SLB von SXF\/ Sch\u00f6nefeld sollte urspr\u00fcnglich ab 01.07.2014 beginnen. Laut Mitteilung der Gesch\u00e4ftsf\u00fchrung der FBB\/ Hartmut Mehdorn (Pressemeldungen ab 22.02.2014) wird daraus nun vorerst nichts. Die Erneuerung der SLB wird nun auf M\u00e4rz 2015 verschoben. Grund hierf\u00fcr ist der bisher noch fehlende Schallschutz f\u00fcr die betroffenen Anwohner im Bereich der [&hellip;]<\/p>\n","protected":false},"author":1,"featured_media":0,"comment_status":"closed","ping_status":"open","sticky":false,"template":"","format":"standard","meta":{"footnotes":""},"categories":[1,11,10,22,13],"tags":[79,30,28,16,27,29,31,26],"class_list":["post-69","post","type-post","status-publish","format-standard","hentry","category-allgemein","category-aviation-germany","category-aviation-international","category-ber","category-berlin-brandenburg","tag-ber","tag-landebahn","tag-sanierung","tag-schoenefeld","tag-slb","tag-start-und-landebahn","tag-startbahn","tag-sxf"],"yoast_head":"<!-- This site is optimized with the Yoast SEO plugin v27.4 - https:\/\/yoast.com\/product\/yoast-seo-wordpress\/ -->\n<title>BER - Sanierung Nordbahn verschoben  - airport-regional.de<\/title>\n<meta name=\"robots\" content=\"index, follow, max-snippet:-1, max-image-preview:large, max-video-preview:-1\" \/>\n<link rel=\"canonical\" href=\"https:\/\/www.airport-regional.de\/?p=69\" \/>\n<meta property=\"og:locale\" content=\"de_DE\" \/>\n<meta property=\"og:type\" content=\"article\" \/>\n<meta property=\"og:title\" content=\"BER - Sanierung Nordbahn verschoben  - airport-regional.de\" \/>\n<meta property=\"og:description\" content=\"Die Sanierung der aktuellen (Nord-) SLB von SXF\/ Sch\u00f6nefeld sollte urspr\u00fcnglich ab 01.07.2014 beginnen. Laut Mitteilung der Gesch\u00e4ftsf\u00fchrung der FBB\/ Hartmut Mehdorn (Pressemeldungen ab 22.02.2014) wird daraus nun vorerst nichts. Die Erneuerung der SLB wird nun auf M\u00e4rz 2015 verschoben. Grund hierf\u00fcr ist der bisher noch fehlende Schallschutz f\u00fcr die betroffenen Anwohner im Bereich der [&hellip;]\" \/>\n<meta property=\"og:url\" content=\"https:\/\/www.airport-regional.de\/?p=69\" \/>\n<meta property=\"og:site_name\" content=\"airport-regional.de\" \/>\n<meta property=\"article:published_time\" content=\"2014-02-26T21:15:32+00:00\" \/>\n<meta property=\"og:image\" content=\"http:\/\/www.airport-regional.de\/wp-content\/uploads\/2014\/02\/BER132-800x535.jpg\" \/>\n<meta name=\"author\" content=\"ar_admin\" \/>\n<meta name=\"twitter:card\" content=\"summary_large_image\" \/>\n<meta name=\"twitter:label1\" content=\"Verfasst von\" \/>\n\t<meta name=\"twitter:data1\" content=\"ar_admin\" \/>\n\t<meta name=\"twitter:label2\" content=\"Gesch\u00e4tzte Lesezeit\" \/>\n\t<meta name=\"twitter:data2\" content=\"1\u00a0Minute\" \/>\n<script type=\"application\/ld+json\" class=\"yoast-schema-graph\">{\"@context\":\"https:\\\/\\\/schema.org\",\"@graph\":[{\"@type\":\"Article\",\"@id\":\"https:\\\/\\\/www.airport-regional.de\\\/?p=69#article\",\"isPartOf\":{\"@id\":\"https:\\\/\\\/www.airport-regional.de\\\/?p=69\"},\"author\":{\"name\":\"ar_admin\",\"@id\":\"https:\\\/\\\/www.airport-regional.de\\\/#\\\/schema\\\/person\\\/dbf2123ca417f43f2c92a5e0812f6a6c\"},\"headline\":\"BER &#8211; Sanierung Nordbahn verschoben\",\"datePublished\":\"2014-02-26T21:15:32+00:00\",\"mainEntityOfPage\":{\"@id\":\"https:\\\/\\\/www.airport-regional.de\\\/?p=69\"},\"wordCount\":185,\"publisher\":{\"@id\":\"https:\\\/\\\/www.airport-regional.de\\\/#\\\/schema\\\/person\\\/d093f3009d106ce1a84fcb9766add780\"},\"image\":{\"@id\":\"https:\\\/\\\/www.airport-regional.de\\\/?p=69#primaryimage\"},\"thumbnailUrl\":\"http:\\\/\\\/www.airport-regional.de\\\/wp-content\\\/uploads\\\/2014\\\/02\\\/BER132-800x535.jpg\",\"keywords\":[\"BER\",\"Landebahn\",\"Sanierung\",\"Sch\u00f6nefeld\",\"SLB\",\"Start- und Landebahn\",\"Startbahn\",\"SXF\"],\"articleSection\":{\"1\":\"Aviation Germany\",\"2\":\"Aviation International\",\"3\":\"BER\",\"4\":\"Berlin + Brandenburg\"},\"inLanguage\":\"de\"},{\"@type\":\"WebPage\",\"@id\":\"https:\\\/\\\/www.airport-regional.de\\\/?p=69\",\"url\":\"https:\\\/\\\/www.airport-regional.de\\\/?p=69\",\"name\":\"BER - Sanierung Nordbahn verschoben - airport-regional.de\",\"isPartOf\":{\"@id\":\"https:\\\/\\\/www.airport-regional.de\\\/#website\"},\"primaryImageOfPage\":{\"@id\":\"https:\\\/\\\/www.airport-regional.de\\\/?p=69#primaryimage\"},\"image\":{\"@id\":\"https:\\\/\\\/www.airport-regional.de\\\/?p=69#primaryimage\"},\"thumbnailUrl\":\"http:\\\/\\\/www.airport-regional.de\\\/wp-content\\\/uploads\\\/2014\\\/02\\\/BER132-800x535.jpg\",\"datePublished\":\"2014-02-26T21:15:32+00:00\",\"breadcrumb\":{\"@id\":\"https:\\\/\\\/www.airport-regional.de\\\/?p=69#breadcrumb\"},\"inLanguage\":\"de\",\"potentialAction\":[{\"@type\":\"ReadAction\",\"target\":[\"https:\\\/\\\/www.airport-regional.de\\\/?p=69\"]}]},{\"@type\":\"ImageObject\",\"inLanguage\":\"de\",\"@id\":\"https:\\\/\\\/www.airport-regional.de\\\/?p=69#primaryimage\",\"url\":\"https:\\\/\\\/www.airport-regional.de\\\/wp-content\\\/uploads\\\/2014\\\/02\\\/BER132.jpg\",\"contentUrl\":\"https:\\\/\\\/www.airport-regional.de\\\/wp-content\\\/uploads\\\/2014\\\/02\\\/BER132.jpg\",\"width\":1830,\"height\":1225},{\"@type\":\"BreadcrumbList\",\"@id\":\"https:\\\/\\\/www.airport-regional.de\\\/?p=69#breadcrumb\",\"itemListElement\":[{\"@type\":\"ListItem\",\"position\":1,\"name\":\"Home\",\"item\":\"https:\\\/\\\/www.airport-regional.de\\\/\"},{\"@type\":\"ListItem\",\"position\":2,\"name\":\"BER &#8211; Sanierung Nordbahn verschoben\"}]},{\"@type\":\"WebSite\",\"@id\":\"https:\\\/\\\/www.airport-regional.de\\\/#website\",\"url\":\"https:\\\/\\\/www.airport-regional.de\\\/\",\"name\":\"airport-regional.de\",\"description\":\"Luftfahrt - Berlin - Brandenburg - Deutschland\",\"publisher\":{\"@id\":\"https:\\\/\\\/www.airport-regional.de\\\/#\\\/schema\\\/person\\\/d093f3009d106ce1a84fcb9766add780\"},\"potentialAction\":[{\"@type\":\"SearchAction\",\"target\":{\"@type\":\"EntryPoint\",\"urlTemplate\":\"https:\\\/\\\/www.airport-regional.de\\\/?s={search_term_string}\"},\"query-input\":{\"@type\":\"PropertyValueSpecification\",\"valueRequired\":true,\"valueName\":\"search_term_string\"}}],\"inLanguage\":\"de\"},{\"@type\":[\"Person\",\"Organization\"],\"@id\":\"https:\\\/\\\/www.airport-regional.de\\\/#\\\/schema\\\/person\\\/d093f3009d106ce1a84fcb9766add780\",\"name\":\"m m\",\"logo\":{\"@id\":\"https:\\\/\\\/www.airport-regional.de\\\/#\\\/schema\\\/person\\\/image\\\/\"},\"sameAs\":[\"http:\\\/\\\/m\"]},{\"@type\":\"Person\",\"@id\":\"https:\\\/\\\/www.airport-regional.de\\\/#\\\/schema\\\/person\\\/dbf2123ca417f43f2c92a5e0812f6a6c\",\"name\":\"ar_admin\"}]}<\/script>\n<!-- \/ Yoast SEO plugin. -->","yoast_head_json":{"title":"BER - Sanierung Nordbahn verschoben  - airport-regional.de","robots":{"index":"index","follow":"follow","max-snippet":"max-snippet:-1","max-image-preview":"max-image-preview:large","max-video-preview":"max-video-preview:-1"},"canonical":"https:\/\/www.airport-regional.de\/?p=69","og_locale":"de_DE","og_type":"article","og_title":"BER - Sanierung Nordbahn verschoben  - airport-regional.de","og_description":"Die Sanierung der aktuellen (Nord-) SLB von SXF\/ Sch\u00f6nefeld sollte urspr\u00fcnglich ab 01.07.2014 beginnen. Laut Mitteilung der Gesch\u00e4ftsf\u00fchrung der FBB\/ Hartmut Mehdorn (Pressemeldungen ab 22.02.2014) wird daraus nun vorerst nichts. Die Erneuerung der SLB wird nun auf M\u00e4rz 2015 verschoben. Grund hierf\u00fcr ist der bisher noch fehlende Schallschutz f\u00fcr die betroffenen Anwohner im Bereich der [&hellip;]","og_url":"https:\/\/www.airport-regional.de\/?p=69","og_site_name":"airport-regional.de","article_published_time":"2014-02-26T21:15:32+00:00","og_image":[{"url":"http:\/\/www.airport-regional.de\/wp-content\/uploads\/2014\/02\/BER132-800x535.jpg","type":"","width":"","height":""}],"author":"ar_admin","twitter_card":"summary_large_image","twitter_misc":{"Verfasst von":"ar_admin","Gesch\u00e4tzte Lesezeit":"1\u00a0Minute"},"schema":{"@context":"https:\/\/schema.org","@graph":[{"@type":"Article","@id":"https:\/\/www.airport-regional.de\/?p=69#article","isPartOf":{"@id":"https:\/\/www.airport-regional.de\/?p=69"},"author":{"name":"ar_admin","@id":"https:\/\/www.airport-regional.de\/#\/schema\/person\/dbf2123ca417f43f2c92a5e0812f6a6c"},"headline":"BER &#8211; Sanierung Nordbahn verschoben","datePublished":"2014-02-26T21:15:32+00:00","mainEntityOfPage":{"@id":"https:\/\/www.airport-regional.de\/?p=69"},"wordCount":185,"publisher":{"@id":"https:\/\/www.airport-regional.de\/#\/schema\/person\/d093f3009d106ce1a84fcb9766add780"},"image":{"@id":"https:\/\/www.airport-regional.de\/?p=69#primaryimage"},"thumbnailUrl":"http:\/\/www.airport-regional.de\/wp-content\/uploads\/2014\/02\/BER132-800x535.jpg","keywords":["BER","Landebahn","Sanierung","Sch\u00f6nefeld","SLB","Start- und Landebahn","Startbahn","SXF"],"articleSection":{"1":"Aviation Germany","2":"Aviation International","3":"BER","4":"Berlin + Brandenburg"},"inLanguage":"de"},{"@type":"WebPage","@id":"https:\/\/www.airport-regional.de\/?p=69","url":"https:\/\/www.airport-regional.de\/?p=69","name":"BER - Sanierung Nordbahn verschoben - airport-regional.de","isPartOf":{"@id":"https:\/\/www.airport-regional.de\/#website"},"primaryImageOfPage":{"@id":"https:\/\/www.airport-regional.de\/?p=69#primaryimage"},"image":{"@id":"https:\/\/www.airport-regional.de\/?p=69#primaryimage"},"thumbnailUrl":"http:\/\/www.airport-regional.de\/wp-content\/uploads\/2014\/02\/BER132-800x535.jpg","datePublished":"2014-02-26T21:15:32+00:00","breadcrumb":{"@id":"https:\/\/www.airport-regional.de\/?p=69#breadcrumb"},"inLanguage":"de","potentialAction":[{"@type":"ReadAction","target":["https:\/\/www.airport-regional.de\/?p=69"]}]},{"@type":"ImageObject","inLanguage":"de","@id":"https:\/\/www.airport-regional.de\/?p=69#primaryimage","url":"https:\/\/www.airport-regional.de\/wp-content\/uploads\/2014\/02\/BER132.jpg","contentUrl":"https:\/\/www.airport-regional.de\/wp-content\/uploads\/2014\/02\/BER132.jpg","width":1830,"height":1225},{"@type":"BreadcrumbList","@id":"https:\/\/www.airport-regional.de\/?p=69#breadcrumb","itemListElement":[{"@type":"ListItem","position":1,"name":"Home","item":"https:\/\/www.airport-regional.de\/"},{"@type":"ListItem","position":2,"name":"BER &#8211; Sanierung Nordbahn verschoben"}]},{"@type":"WebSite","@id":"https:\/\/www.airport-regional.de\/#website","url":"https:\/\/www.airport-regional.de\/","name":"airport-regional.de","description":"Luftfahrt - Berlin - Brandenburg - Deutschland","publisher":{"@id":"https:\/\/www.airport-regional.de\/#\/schema\/person\/d093f3009d106ce1a84fcb9766add780"},"potentialAction":[{"@type":"SearchAction","target":{"@type":"EntryPoint","urlTemplate":"https:\/\/www.airport-regional.de\/?s={search_term_string}"},"query-input":{"@type":"PropertyValueSpecification","valueRequired":true,"valueName":"search_term_string"}}],"inLanguage":"de"},{"@type":["Person","Organization"],"@id":"https:\/\/www.airport-regional.de\/#\/schema\/person\/d093f3009d106ce1a84fcb9766add780","name":"m m","logo":{"@id":"https:\/\/www.airport-regional.de\/#\/schema\/person\/image\/"},"sameAs":["http:\/\/m"]},{"@type":"Person","@id":"https:\/\/www.airport-regional.de\/#\/schema\/person\/dbf2123ca417f43f2c92a5e0812f6a6c","name":"ar_admin"}]}},"_links":{"self":[{"href":"https:\/\/www.airport-regional.de\/index.php?rest_route=\/wp\/v2\/posts\/69","targetHints":{"allow":["GET"]}}],"collection":[{"href":"https:\/\/www.airport-regional.de\/index.php?rest_route=\/wp\/v2\/posts"}],"about":[{"href":"https:\/\/www.airport-regional.de\/index.php?rest_route=\/wp\/v2\/types\/post"}],"author":[{"embeddable":true,"href":"https:\/\/www.airport-regional.de\/index.php?rest_route=\/wp\/v2\/users\/1"}],"replies":[{"embeddable":true,"href":"https:\/\/www.airport-regional.de\/index.php?rest_route=%2Fwp%2Fv2%2Fcomments&post=69"}],"version-history":[{"count":2,"href":"https:\/\/www.airport-regional.de\/index.php?rest_route=\/wp\/v2\/posts\/69\/revisions"}],"predecessor-version":[{"id":72,"href":"https:\/\/www.airport-regional.de\/index.php?rest_route=\/wp\/v2\/posts\/69\/revisions\/72"}],"wp:attachment":[{"href":"https:\/\/www.airport-regional.de\/index.php?rest_route=%2Fwp%2Fv2%2Fmedia&parent=69"}],"wp:term":[{"taxonomy":"category","embeddable":true,"href":"https:\/\/www.airport-regional.de\/index.php?rest_route=%2Fwp%2Fv2%2Fcategories&post=69"},{"taxonomy":"post_tag","embeddable":true,"href":"https:\/\/www.airport-regional.de\/index.php?rest_route=%2Fwp%2Fv2%2Ftags&post=69"}],"curies":[{"name":"wp","href":"https:\/\/api.w.org\/{rel}","templated":true}]}}