{"id":85,"date":"2014-09-02T22:38:51","date_gmt":"2014-09-02T20:38:51","guid":{"rendered":"http:\/\/www.airport-regional.de\/?p=85"},"modified":"2015-03-18T02:11:56","modified_gmt":"2015-03-18T00:11:56","slug":"flybb-neue-kooperation-von-ber-und-flugplaetzen-im-umland","status":"publish","type":"post","link":"https:\/\/www.airport-regional.de\/?p=85","title":{"rendered":"flyBB &#8211; neue Kooperation zw. BER und kleineren Flugpl\u00e4tzen"},"content":{"rendered":"<p>Nach internen vorab-Informationen wird am 04.09.2014 in Berlin-Adlershof eine neue Kooperation zwischen der FBB GmbH (BER) und 11 regionalen Verkehrslandepl\u00e4tzen im Umland von Berlin bekanntgegeben.<\/p>\n<p>Bereits im Mai diesen Jahres gab am Sonderlandeplatz Neuhardenberg ein erstes offizielles Zusammentreffen zwischen Vertretern des Flughafens Sch\u00f6nefeld\/ BER (Hartmut Mehdorn) sowie Akteuren von Verkehrs- und Sonderlandepl\u00e4tzen aus Brandenburg, bei dem vermutlich M\u00f6glichkeiten einer neuen Kooperation diskutiert wurden.<\/p>\n<div id=\"attachment_86\" style=\"width: 810px\" class=\"wp-caption alignleft\"><a href=\"http:\/\/www.airport-regional.de\/wp-content\/uploads\/2014\/09\/flybb.jpg\"><img loading=\"lazy\" decoding=\"async\" aria-describedby=\"caption-attachment-86\" class=\"size-medium wp-image-86\" src=\"http:\/\/www.airport-regional.de\/wp-content\/uploads\/2014\/09\/flybb-800x535.jpg\" alt=\"Verkehrslandeplatz EDAZ\" width=\"800\" height=\"535\" srcset=\"https:\/\/www.airport-regional.de\/wp-content\/uploads\/2014\/09\/flybb-800x535.jpg 800w, https:\/\/www.airport-regional.de\/wp-content\/uploads\/2014\/09\/flybb-1024x685.jpg 1024w, https:\/\/www.airport-regional.de\/wp-content\/uploads\/2014\/09\/flybb-624x417.jpg 624w, https:\/\/www.airport-regional.de\/wp-content\/uploads\/2014\/09\/flybb.jpg 1942w\" sizes=\"auto, (max-width: 800px) 100vw, 800px\" \/><\/a><p id=\"caption-attachment-86\" class=\"wp-caption-text\">Auch der VLP Sch\u00f6nhagen (EDAZ) ist Kooperationsmitglied im neuen Verein flyBB.<\/p><\/div>\n<p>\u00a9 airport-regional.de 2014<\/p>\n","protected":false},"excerpt":{"rendered":"<p>Nach internen vorab-Informationen wird am 04.09.2014 in Berlin-Adlershof eine neue Kooperation zwischen der FBB GmbH (BER) und 11 regionalen Verkehrslandepl\u00e4tzen im Umland von Berlin bekanntgegeben. Bereits im Mai diesen Jahres gab am Sonderlandeplatz Neuhardenberg ein erstes offizielles Zusammentreffen zwischen Vertretern des Flughafens Sch\u00f6nefeld\/ BER (Hartmut Mehdorn) sowie Akteuren von Verkehrs- und Sonderlandepl\u00e4tzen aus Brandenburg, bei [&hellip;]<\/p>\n","protected":false},"author":1,"featured_media":0,"comment_status":"closed","ping_status":"open","sticky":false,"template":"","format":"standard","meta":{"footnotes":""},"categories":[11,22,13,12],"tags":[79,39,14,35,36,16,37,38],"class_list":["post-85","post","type-post","status-publish","format-standard","hentry","category-aviation-germany","category-ber","category-berlin-brandenburg","category-general-aviation","tag-ber","tag-edaz","tag-eddb","tag-flybb","tag-regionalflugplaetze","tag-schoenefeld","tag-verkehrslandeplaetze","tag-vlp"],"yoast_head":"<!-- This site is optimized with the Yoast SEO plugin v27.4 - https:\/\/yoast.com\/product\/yoast-seo-wordpress\/ -->\n<title>flyBB - neue Kooperation zw. BER und kleineren Flugpl\u00e4tzen  - airport-regional.de<\/title>\n<meta name=\"robots\" content=\"index, follow, max-snippet:-1, max-image-preview:large, max-video-preview:-1\" \/>\n<link rel=\"canonical\" href=\"https:\/\/www.airport-regional.de\/?p=85\" \/>\n<meta property=\"og:locale\" content=\"de_DE\" \/>\n<meta property=\"og:type\" content=\"article\" \/>\n<meta property=\"og:title\" content=\"flyBB - neue Kooperation zw. BER und kleineren Flugpl\u00e4tzen  - airport-regional.de\" \/>\n<meta property=\"og:description\" content=\"Nach internen vorab-Informationen wird am 04.09.2014 in Berlin-Adlershof eine neue Kooperation zwischen der FBB GmbH (BER) und 11 regionalen Verkehrslandepl\u00e4tzen im Umland von Berlin bekanntgegeben. Bereits im Mai diesen Jahres gab am Sonderlandeplatz Neuhardenberg ein erstes offizielles Zusammentreffen zwischen Vertretern des Flughafens Sch\u00f6nefeld\/ BER (Hartmut Mehdorn) sowie Akteuren von Verkehrs- und Sonderlandepl\u00e4tzen aus Brandenburg, bei [&hellip;]\" \/>\n<meta property=\"og:url\" content=\"https:\/\/www.airport-regional.de\/?p=85\" \/>\n<meta property=\"og:site_name\" content=\"airport-regional.de\" \/>\n<meta property=\"article:published_time\" content=\"2014-09-02T20:38:51+00:00\" \/>\n<meta property=\"article:modified_time\" content=\"2015-03-18T00:11:56+00:00\" \/>\n<meta property=\"og:image\" content=\"http:\/\/www.airport-regional.de\/wp-content\/uploads\/2014\/09\/flybb-800x535.jpg\" \/>\n<meta name=\"author\" content=\"ar_admin\" \/>\n<meta name=\"twitter:card\" content=\"summary_large_image\" \/>\n<meta name=\"twitter:label1\" content=\"Verfasst von\" \/>\n\t<meta name=\"twitter:data1\" content=\"ar_admin\" \/>\n<script type=\"application\/ld+json\" class=\"yoast-schema-graph\">{\"@context\":\"https:\\\/\\\/schema.org\",\"@graph\":[{\"@type\":\"Article\",\"@id\":\"https:\\\/\\\/www.airport-regional.de\\\/?p=85#article\",\"isPartOf\":{\"@id\":\"https:\\\/\\\/www.airport-regional.de\\\/?p=85\"},\"author\":{\"name\":\"ar_admin\",\"@id\":\"https:\\\/\\\/www.airport-regional.de\\\/#\\\/schema\\\/person\\\/dbf2123ca417f43f2c92a5e0812f6a6c\"},\"headline\":\"flyBB &#8211; neue Kooperation zw. BER und kleineren Flugpl\u00e4tzen\",\"datePublished\":\"2014-09-02T20:38:51+00:00\",\"dateModified\":\"2015-03-18T00:11:56+00:00\",\"mainEntityOfPage\":{\"@id\":\"https:\\\/\\\/www.airport-regional.de\\\/?p=85\"},\"wordCount\":96,\"publisher\":{\"@id\":\"https:\\\/\\\/www.airport-regional.de\\\/#\\\/schema\\\/person\\\/d093f3009d106ce1a84fcb9766add780\"},\"image\":{\"@id\":\"https:\\\/\\\/www.airport-regional.de\\\/?p=85#primaryimage\"},\"thumbnailUrl\":\"http:\\\/\\\/www.airport-regional.de\\\/wp-content\\\/uploads\\\/2014\\\/09\\\/flybb-800x535.jpg\",\"keywords\":[\"BER\",\"EDAZ\",\"EDDB\",\"flyBB\",\"Regionalflugpl\u00e4tze\",\"Sch\u00f6nefeld\",\"Verkehrslandepl\u00e4tze\",\"VLP\"],\"articleSection\":[\"Aviation Germany\",\"BER\",\"Berlin + Brandenburg\",\"General Aviation\"],\"inLanguage\":\"de\"},{\"@type\":\"WebPage\",\"@id\":\"https:\\\/\\\/www.airport-regional.de\\\/?p=85\",\"url\":\"https:\\\/\\\/www.airport-regional.de\\\/?p=85\",\"name\":\"flyBB - neue Kooperation zw. BER und kleineren Flugpl\u00e4tzen - airport-regional.de\",\"isPartOf\":{\"@id\":\"https:\\\/\\\/www.airport-regional.de\\\/#website\"},\"primaryImageOfPage\":{\"@id\":\"https:\\\/\\\/www.airport-regional.de\\\/?p=85#primaryimage\"},\"image\":{\"@id\":\"https:\\\/\\\/www.airport-regional.de\\\/?p=85#primaryimage\"},\"thumbnailUrl\":\"http:\\\/\\\/www.airport-regional.de\\\/wp-content\\\/uploads\\\/2014\\\/09\\\/flybb-800x535.jpg\",\"datePublished\":\"2014-09-02T20:38:51+00:00\",\"dateModified\":\"2015-03-18T00:11:56+00:00\",\"breadcrumb\":{\"@id\":\"https:\\\/\\\/www.airport-regional.de\\\/?p=85#breadcrumb\"},\"inLanguage\":\"de\",\"potentialAction\":[{\"@type\":\"ReadAction\",\"target\":[\"https:\\\/\\\/www.airport-regional.de\\\/?p=85\"]}]},{\"@type\":\"ImageObject\",\"inLanguage\":\"de\",\"@id\":\"https:\\\/\\\/www.airport-regional.de\\\/?p=85#primaryimage\",\"url\":\"https:\\\/\\\/www.airport-regional.de\\\/wp-content\\\/uploads\\\/2014\\\/09\\\/flybb.jpg\",\"contentUrl\":\"https:\\\/\\\/www.airport-regional.de\\\/wp-content\\\/uploads\\\/2014\\\/09\\\/flybb.jpg\",\"width\":1942,\"height\":1300,\"caption\":\"Verkehrslandeplatz EDAZ\"},{\"@type\":\"BreadcrumbList\",\"@id\":\"https:\\\/\\\/www.airport-regional.de\\\/?p=85#breadcrumb\",\"itemListElement\":[{\"@type\":\"ListItem\",\"position\":1,\"name\":\"Home\",\"item\":\"https:\\\/\\\/www.airport-regional.de\\\/\"},{\"@type\":\"ListItem\",\"position\":2,\"name\":\"flyBB &#8211; neue Kooperation zw. BER und kleineren Flugpl\u00e4tzen\"}]},{\"@type\":\"WebSite\",\"@id\":\"https:\\\/\\\/www.airport-regional.de\\\/#website\",\"url\":\"https:\\\/\\\/www.airport-regional.de\\\/\",\"name\":\"airport-regional.de\",\"description\":\"Luftfahrt - Berlin - Brandenburg - Deutschland\",\"publisher\":{\"@id\":\"https:\\\/\\\/www.airport-regional.de\\\/#\\\/schema\\\/person\\\/d093f3009d106ce1a84fcb9766add780\"},\"potentialAction\":[{\"@type\":\"SearchAction\",\"target\":{\"@type\":\"EntryPoint\",\"urlTemplate\":\"https:\\\/\\\/www.airport-regional.de\\\/?s={search_term_string}\"},\"query-input\":{\"@type\":\"PropertyValueSpecification\",\"valueRequired\":true,\"valueName\":\"search_term_string\"}}],\"inLanguage\":\"de\"},{\"@type\":[\"Person\",\"Organization\"],\"@id\":\"https:\\\/\\\/www.airport-regional.de\\\/#\\\/schema\\\/person\\\/d093f3009d106ce1a84fcb9766add780\",\"name\":\"m m\",\"logo\":{\"@id\":\"https:\\\/\\\/www.airport-regional.de\\\/#\\\/schema\\\/person\\\/image\\\/\"},\"sameAs\":[\"http:\\\/\\\/m\"]},{\"@type\":\"Person\",\"@id\":\"https:\\\/\\\/www.airport-regional.de\\\/#\\\/schema\\\/person\\\/dbf2123ca417f43f2c92a5e0812f6a6c\",\"name\":\"ar_admin\"}]}<\/script>\n<!-- \/ Yoast SEO plugin. -->","yoast_head_json":{"title":"flyBB - neue Kooperation zw. BER und kleineren Flugpl\u00e4tzen  - airport-regional.de","robots":{"index":"index","follow":"follow","max-snippet":"max-snippet:-1","max-image-preview":"max-image-preview:large","max-video-preview":"max-video-preview:-1"},"canonical":"https:\/\/www.airport-regional.de\/?p=85","og_locale":"de_DE","og_type":"article","og_title":"flyBB - neue Kooperation zw. BER und kleineren Flugpl\u00e4tzen  - airport-regional.de","og_description":"Nach internen vorab-Informationen wird am 04.09.2014 in Berlin-Adlershof eine neue Kooperation zwischen der FBB GmbH (BER) und 11 regionalen Verkehrslandepl\u00e4tzen im Umland von Berlin bekanntgegeben. Bereits im Mai diesen Jahres gab am Sonderlandeplatz Neuhardenberg ein erstes offizielles Zusammentreffen zwischen Vertretern des Flughafens Sch\u00f6nefeld\/ BER (Hartmut Mehdorn) sowie Akteuren von Verkehrs- und Sonderlandepl\u00e4tzen aus Brandenburg, bei [&hellip;]","og_url":"https:\/\/www.airport-regional.de\/?p=85","og_site_name":"airport-regional.de","article_published_time":"2014-09-02T20:38:51+00:00","article_modified_time":"2015-03-18T00:11:56+00:00","og_image":[{"url":"http:\/\/www.airport-regional.de\/wp-content\/uploads\/2014\/09\/flybb-800x535.jpg","type":"","width":"","height":""}],"author":"ar_admin","twitter_card":"summary_large_image","twitter_misc":{"Verfasst von":"ar_admin"},"schema":{"@context":"https:\/\/schema.org","@graph":[{"@type":"Article","@id":"https:\/\/www.airport-regional.de\/?p=85#article","isPartOf":{"@id":"https:\/\/www.airport-regional.de\/?p=85"},"author":{"name":"ar_admin","@id":"https:\/\/www.airport-regional.de\/#\/schema\/person\/dbf2123ca417f43f2c92a5e0812f6a6c"},"headline":"flyBB &#8211; neue Kooperation zw. BER und kleineren Flugpl\u00e4tzen","datePublished":"2014-09-02T20:38:51+00:00","dateModified":"2015-03-18T00:11:56+00:00","mainEntityOfPage":{"@id":"https:\/\/www.airport-regional.de\/?p=85"},"wordCount":96,"publisher":{"@id":"https:\/\/www.airport-regional.de\/#\/schema\/person\/d093f3009d106ce1a84fcb9766add780"},"image":{"@id":"https:\/\/www.airport-regional.de\/?p=85#primaryimage"},"thumbnailUrl":"http:\/\/www.airport-regional.de\/wp-content\/uploads\/2014\/09\/flybb-800x535.jpg","keywords":["BER","EDAZ","EDDB","flyBB","Regionalflugpl\u00e4tze","Sch\u00f6nefeld","Verkehrslandepl\u00e4tze","VLP"],"articleSection":["Aviation Germany","BER","Berlin + Brandenburg","General Aviation"],"inLanguage":"de"},{"@type":"WebPage","@id":"https:\/\/www.airport-regional.de\/?p=85","url":"https:\/\/www.airport-regional.de\/?p=85","name":"flyBB - neue Kooperation zw. BER und kleineren Flugpl\u00e4tzen - airport-regional.de","isPartOf":{"@id":"https:\/\/www.airport-regional.de\/#website"},"primaryImageOfPage":{"@id":"https:\/\/www.airport-regional.de\/?p=85#primaryimage"},"image":{"@id":"https:\/\/www.airport-regional.de\/?p=85#primaryimage"},"thumbnailUrl":"http:\/\/www.airport-regional.de\/wp-content\/uploads\/2014\/09\/flybb-800x535.jpg","datePublished":"2014-09-02T20:38:51+00:00","dateModified":"2015-03-18T00:11:56+00:00","breadcrumb":{"@id":"https:\/\/www.airport-regional.de\/?p=85#breadcrumb"},"inLanguage":"de","potentialAction":[{"@type":"ReadAction","target":["https:\/\/www.airport-regional.de\/?p=85"]}]},{"@type":"ImageObject","inLanguage":"de","@id":"https:\/\/www.airport-regional.de\/?p=85#primaryimage","url":"https:\/\/www.airport-regional.de\/wp-content\/uploads\/2014\/09\/flybb.jpg","contentUrl":"https:\/\/www.airport-regional.de\/wp-content\/uploads\/2014\/09\/flybb.jpg","width":1942,"height":1300,"caption":"Verkehrslandeplatz EDAZ"},{"@type":"BreadcrumbList","@id":"https:\/\/www.airport-regional.de\/?p=85#breadcrumb","itemListElement":[{"@type":"ListItem","position":1,"name":"Home","item":"https:\/\/www.airport-regional.de\/"},{"@type":"ListItem","position":2,"name":"flyBB &#8211; neue Kooperation zw. BER und kleineren Flugpl\u00e4tzen"}]},{"@type":"WebSite","@id":"https:\/\/www.airport-regional.de\/#website","url":"https:\/\/www.airport-regional.de\/","name":"airport-regional.de","description":"Luftfahrt - Berlin - Brandenburg - Deutschland","publisher":{"@id":"https:\/\/www.airport-regional.de\/#\/schema\/person\/d093f3009d106ce1a84fcb9766add780"},"potentialAction":[{"@type":"SearchAction","target":{"@type":"EntryPoint","urlTemplate":"https:\/\/www.airport-regional.de\/?s={search_term_string}"},"query-input":{"@type":"PropertyValueSpecification","valueRequired":true,"valueName":"search_term_string"}}],"inLanguage":"de"},{"@type":["Person","Organization"],"@id":"https:\/\/www.airport-regional.de\/#\/schema\/person\/d093f3009d106ce1a84fcb9766add780","name":"m m","logo":{"@id":"https:\/\/www.airport-regional.de\/#\/schema\/person\/image\/"},"sameAs":["http:\/\/m"]},{"@type":"Person","@id":"https:\/\/www.airport-regional.de\/#\/schema\/person\/dbf2123ca417f43f2c92a5e0812f6a6c","name":"ar_admin"}]}},"_links":{"self":[{"href":"https:\/\/www.airport-regional.de\/index.php?rest_route=\/wp\/v2\/posts\/85","targetHints":{"allow":["GET"]}}],"collection":[{"href":"https:\/\/www.airport-regional.de\/index.php?rest_route=\/wp\/v2\/posts"}],"about":[{"href":"https:\/\/www.airport-regional.de\/index.php?rest_route=\/wp\/v2\/types\/post"}],"author":[{"embeddable":true,"href":"https:\/\/www.airport-regional.de\/index.php?rest_route=\/wp\/v2\/users\/1"}],"replies":[{"embeddable":true,"href":"https:\/\/www.airport-regional.de\/index.php?rest_route=%2Fwp%2Fv2%2Fcomments&post=85"}],"version-history":[{"count":8,"href":"https:\/\/www.airport-regional.de\/index.php?rest_route=\/wp\/v2\/posts\/85\/revisions"}],"predecessor-version":[{"id":139,"href":"https:\/\/www.airport-regional.de\/index.php?rest_route=\/wp\/v2\/posts\/85\/revisions\/139"}],"wp:attachment":[{"href":"https:\/\/www.airport-regional.de\/index.php?rest_route=%2Fwp%2Fv2%2Fmedia&parent=85"}],"wp:term":[{"taxonomy":"category","embeddable":true,"href":"https:\/\/www.airport-regional.de\/index.php?rest_route=%2Fwp%2Fv2%2Fcategories&post=85"},{"taxonomy":"post_tag","embeddable":true,"href":"https:\/\/www.airport-regional.de\/index.php?rest_route=%2Fwp%2Fv2%2Ftags&post=85"}],"curies":[{"name":"wp","href":"https:\/\/api.w.org\/{rel}","templated":true}]}}